{"id":15650,"date":"2025-04-22T10:20:09","date_gmt":"2025-04-22T08:20:09","guid":{"rendered":"https:\/\/entretormentas.com\/?p=15650"},"modified":"2025-04-22T10:20:10","modified_gmt":"2025-04-22T08:20:10","slug":"previo-al-conclave-vaticano-sella-la-residencia-del-papa-francisco-e-inicia-el-periodo-de-sede-vacante","status":"publish","type":"post","link":"https:\/\/entretormentas.com\/previo-al-conclave-vaticano-sella-la-residencia-del-papa-francisco-e-inicia-el-periodo-de-sede-vacante\/","title":{"rendered":"\u00a1PREVIO AL C\u00d3NCLAVE! Vaticano sella la residencia del Papa Francisco e inicia el per\u00edodo de sede vacante"},"content":{"rendered":"\n<p><strong>ENTRE TORMENTAS.<\/strong> El Vaticano sell\u00f3 este lunes la residencia oficial del Papa Francisco, en un acto cargado de simbolismo que marca el inicio del per\u00edodo de sede vacante, el lapso entre la muerte de un pont\u00edfice y la elecci\u00f3n de su sucesor. La ceremonia, encabezada por el camarlengo, incluy\u00f3 la colocaci\u00f3n de una cinta roja en las manijas de la puerta del apartamento papal en el Palacio Apost\u00f3lico, seguida por un sello de cera con la insignia de Francisco.<\/p>\n\n\n\n<p>El gesto, compartido en video por la agencia Reuters, muestra al cardenal Kevin Joseph Farrell supervisando el ritual mientras un empleado ata cuidadosamente la cinta y aplica la cera caliente, asegurando as\u00ed el cierre simb\u00f3lico del pontificado. Este procedimiento, tradicional en la Iglesia cat\u00f3lica, ten\u00eda en el pasado la funci\u00f3n pr\u00e1ctica de evitar saqueos y ahora representa el fin formal de una era.<\/p>\n\n\n\n<figure class=\"wp-block-image size-full\"><img fetchpriority=\"high\" decoding=\"async\" width=\"987\" height=\"555\" src=\"https:\/\/entretormentas.com\/wp-content\/uploads\/2025\/04\/image-374.png\" alt=\"\" class=\"wp-image-15652\" srcset=\"https:\/\/entretormentas.com\/wp-content\/uploads\/2025\/04\/image-374.png 987w, https:\/\/entretormentas.com\/wp-content\/uploads\/2025\/04\/image-374-300x169.png 300w, https:\/\/entretormentas.com\/wp-content\/uploads\/2025\/04\/image-374-768x432.png 768w\" sizes=\"(max-width: 987px) 100vw, 987px\" \/><\/figure>\n\n\n\n<p><strong>LOS PASOS QUE VIENEN<\/strong><br>A lo largo de los siglos, la muerte y exequias de los papas fueron regidas por una solemne liturgia que Francisco, fallecido este lunes a los 88 a\u00f1os, decidi\u00f3 simplificar, renunciando incluso a su sepultura en San Pedro.<\/p>\n\n\n\n<p>Este ritual, dividido en tres \u00abestaciones\u00bb que corresponden a la vigilia, el funeral y la sepultura, estar\u00e1 orquestado por el cardenal camarlengo, el estadounidense Kevin Farrell, encargado de dirigir la Iglesia en \u00absede vacante\u00bb hasta el pr\u00f3ximo c\u00f3nclave.<\/p>\n\n\n\n<p>Estos son los pasos de las exequias tras la muerte del pont\u00edfice argentino, simplificados por voluntad suya en el \u2018Ordo Exsequiarum Romani Ponteficis\u2019 de noviembre de 2024.<\/p>\n\n\n\n<p><strong>1) Constataci\u00f3n<\/strong><br>En primer lugar los m\u00e9dicos certifican el fallecimiento del Pont\u00edfice. En el pasado se hac\u00eda golpeando un martillo de plata en la frente o llam\u00e1ndole por su nombre de pila.<\/p>\n\n\n\n<p>Una vez confirmado, el prefecto de la Casa Pontificia proclamar\u00e1 la defunci\u00f3n. Esta constataci\u00f3n, por orden de Francisco, ya no ser\u00e1 en su habitaci\u00f3n, sino en la capilla<\/p>\n\n\n\n<p><strong>2) El Camarlengo<\/strong><br>La figura clave ser\u00e1 el cardenal camarlengo, quien, con paramentos de color rojo, usado en se\u00f1al de luto, entra en la habitaci\u00f3n escoltado por un destacamento de la Guardia Suiza, s\u00edmbolo de la nueva autoridad, para asegurarse oficialmente de la muerte del pont\u00edfice.<\/p>\n\n\n\n<p><strong>3) Sellar el legado<\/strong><br>Despu\u00e9s retirar\u00e1 de su dedo el Anillo del Pescador, s\u00edmbolo del poder pontificio, lo que marcar\u00e1 el final de su reinado.<\/p>\n\n\n\n<p>El anillo ser\u00e1 machacado junto con el sello papal para evitar cualquier falsificaci\u00f3n de documentos u \u00f3rdenes. Con el mismo prop\u00f3sito se sellar\u00e1 la habitaci\u00f3n del difunto.<\/p>\n\n\n\n<p><strong>4) El anuncio<\/strong><br>Inmediatamente despu\u00e9s informar\u00e1 al vicario de Roma y despu\u00e9s lo har\u00e1 saber a los fieles de la ciudad. Las campanas de San Pedro doblar\u00e1n a muerto, anunciando al mundo y a Roma el fallecimiento.<\/p>\n\n\n\n<p><strong>5) Adi\u00f3s al triple ata\u00fad<\/strong><br>Tradicionalmente el cuerpo del papa era introducido en un triple ata\u00fad, de cipr\u00e9s, de plomo y de roble, pero el papa argentino ha preferido usar solo uno.<\/p>\n\n\n\n<p><strong>6) Ante la historia<\/strong><br>El rostro del difunto se cubre con un pa\u00f1uelo blanco de seda y en su f\u00e9retro se introduce un tubo met\u00e1lico que conservar\u00e1 un pergamino con sus obras m\u00e1s importantes en vida. Adem\u00e1s se mete una bolsa con algunas monedas acu\u00f1adas durante su pontificado.<\/p>\n\n\n\n<p>La costumbre se\u00f1ala que se debe meter una moneda de oro por cada a\u00f1o de reino, una de plata por cada mes y de bronce por cada d\u00eda.<\/p>\n\n\n\n<figure class=\"wp-block-image size-full\"><img decoding=\"async\" width=\"549\" height=\"309\" src=\"https:\/\/entretormentas.com\/wp-content\/uploads\/2025\/04\/image-375.png\" alt=\"\" class=\"wp-image-15653\" srcset=\"https:\/\/entretormentas.com\/wp-content\/uploads\/2025\/04\/image-375.png 549w, https:\/\/entretormentas.com\/wp-content\/uploads\/2025\/04\/image-375-300x169.png 300w\" sizes=\"(max-width: 549px) 100vw, 549px\" \/><\/figure>\n\n\n\n<p><strong>7) Traslado f\u00fanebre<\/strong><br>Tras el velatorio del cuerpo, el f\u00e9retro es llevado a la bas\u00edlica de San Pedro del Vaticano para su exposici\u00f3n a los fieles y autoridades. Durante el cortejo funerario se entonar\u00e1 el responso \u2018Libera me, Domine, de morte aeterna\u2019 (l\u00edbrame Se\u00f1or de la muerte eterna) y las letan\u00edas.<\/p>\n\n\n\n<p><strong>8) Ante los fieles<\/strong><br>El cuerpo de Francisco ser\u00e1 expuesto pero, en vez de hacerlo en un catafalco, prefiri\u00f3 que sea directamente en su propio ata\u00fad, abierto. Adem\u00e1s rechaz\u00f3 que se coloque el b\u00e1culo papal a su lado. Normalmente la exposici\u00f3n duraba tres d\u00edas.<\/p>\n\n\n\n<p><strong>9) El funeral<\/strong><br>El funeral pontificio se celebra en la fecha que elija una reuni\u00f3n plenaria de cardenales. En los casos de los \u00faltimos cuatro papas, Pablo VI, Juan Pablo I, Juan Pablo II y Benedicto XVI, este rito se celebr\u00f3 en la plaza vaticana, al aire libre.<\/p>\n\n\n\n<p><strong>10) La sepultura<\/strong><br>Francisco tambi\u00e9n cambi\u00f3 el manual de liturgia funeraria para permitir su inhumaci\u00f3n en un lugar distinto de la cripta vaticana.<\/p>\n\n\n\n<p>En su caso, expres\u00f3 en vida su deseo de ser sepultado en la bas\u00edlica romana de Santa Mar\u00eda La Mayor.<\/p>\n\n\n\n<p>Con el papa enterrado, dar\u00e1n inicio las llamadas \u2018novendiales\u2019, las misas de difuntos celebradas en su honor durante nueve d\u00edas consecutivos, empezando con la del funeral. Mientras, los cardenales se re\u00fanen para fijar el comienzo del c\u00f3nclave en busca de un sucesor.<br><strong><em>ET \/ Agencias<\/em><\/strong><\/p>\n\n\n\n<p><\/p>\n","protected":false},"excerpt":{"rendered":"<p>ENTRE TORMENTAS. El Vaticano sell\u00f3 este lunes la residencia oficial del Papa Francisco, en un&#8230;<\/p>\n","protected":false},"author":2,"featured_media":15651,"comment_status":"closed","ping_status":"open","sticky":false,"template":"","format":"standard","meta":{"footnotes":""},"categories":[56,48],"tags":[],"class_list":["post-15650","post","type-post","status-publish","format-standard","has-post-thumbnail","hentry","category-destacadas","category-internacionales"],"_links":{"self":[{"href":"https:\/\/entretormentas.com\/index.php?rest_route=\/wp\/v2\/posts\/15650","targetHints":{"allow":["GET"]}}],"collection":[{"href":"https:\/\/entretormentas.com\/index.php?rest_route=\/wp\/v2\/posts"}],"about":[{"href":"https:\/\/entretormentas.com\/index.php?rest_route=\/wp\/v2\/types\/post"}],"author":[{"embeddable":true,"href":"https:\/\/entretormentas.com\/index.php?rest_route=\/wp\/v2\/users\/2"}],"replies":[{"embeddable":true,"href":"https:\/\/entretormentas.com\/index.php?rest_route=%2Fwp%2Fv2%2Fcomments&post=15650"}],"version-history":[{"count":1,"href":"https:\/\/entretormentas.com\/index.php?rest_route=\/wp\/v2\/posts\/15650\/revisions"}],"predecessor-version":[{"id":15654,"href":"https:\/\/entretormentas.com\/index.php?rest_route=\/wp\/v2\/posts\/15650\/revisions\/15654"}],"wp:featuredmedia":[{"embeddable":true,"href":"https:\/\/entretormentas.com\/index.php?rest_route=\/wp\/v2\/media\/15651"}],"wp:attachment":[{"href":"https:\/\/entretormentas.com\/index.php?rest_route=%2Fwp%2Fv2%2Fmedia&parent=15650"}],"wp:term":[{"taxonomy":"category","embeddable":true,"href":"https:\/\/entretormentas.com\/index.php?rest_route=%2Fwp%2Fv2%2Fcategories&post=15650"},{"taxonomy":"post_tag","embeddable":true,"href":"https:\/\/entretormentas.com\/index.php?rest_route=%2Fwp%2Fv2%2Ftags&post=15650"}],"curies":[{"name":"wp","href":"https:\/\/api.w.org\/{rel}","templated":true}]}}