{"id":15655,"date":"2025-04-22T10:23:49","date_gmt":"2025-04-22T08:23:49","guid":{"rendered":"https:\/\/entretormentas.com\/?p=15655"},"modified":"2025-04-22T10:23:51","modified_gmt":"2025-04-22T08:23:51","slug":"en-pausa-al-menos-una-semana-aplican-a-luis-arraez-protocolo-por-conmocion-cerebral","status":"publish","type":"post","link":"https:\/\/entretormentas.com\/en-pausa-al-menos-una-semana-aplican-a-luis-arraez-protocolo-por-conmocion-cerebral\/","title":{"rendered":"\u00a1EN PAUSA AL MENOS UNA SEMANA! Aplican a Luis Arr\u00e1ez protocolo por conmoci\u00f3n cerebral"},"content":{"rendered":"\n<p><strong>ENTRE TORMENTAS. <\/strong>Luis Arr\u00e1ez se perder\u00e1 por lo menos esta semana de acci\u00f3n. El lastimado inicialista de los Padres debe someterse al protocolo de la MLB para casos de conmoci\u00f3n cerebral. A partir de este lunes, inform\u00f3 MLB.com, La Regadera estar\u00e1 en la lista de lesionados de siete d\u00edas.<\/p>\n\n\n\n<p>El protocolo que aplican las Grandes Ligas ante situaciones como las vividas por Luis Arr\u00e1ez le obliga a someterse a ex\u00e1menes de seguimiento. El objetivo es constatar que los peloteros que reciben fuertes golpes en la cabeza no sean v\u00edctimas del s\u00edndrome de post conmoci\u00f3n cerebral.Grande Serie<\/p>\n\n\n\n<p>Este s\u00edndrome se refleja en mareos, n\u00e1useas y dolores de cabeza. Varios peloteros, incluyendo los venezolanos Francisco Cervelli y Robinson Chirinos, han llegado a pasar semanas y hasta meses inactivos, al sufrir tal s\u00edndrome.<\/p>\n\n\n\n<figure class=\"wp-block-image size-large\"><img fetchpriority=\"high\" decoding=\"async\" width=\"1024\" height=\"729\" src=\"https:\/\/entretormentas.com\/wp-content\/uploads\/2025\/04\/image-377-1024x729.png\" alt=\"\" class=\"wp-image-15657\" srcset=\"https:\/\/entretormentas.com\/wp-content\/uploads\/2025\/04\/image-377-1024x729.png 1024w, https:\/\/entretormentas.com\/wp-content\/uploads\/2025\/04\/image-377-300x214.png 300w, https:\/\/entretormentas.com\/wp-content\/uploads\/2025\/04\/image-377-768x547.png 768w, https:\/\/entretormentas.com\/wp-content\/uploads\/2025\/04\/image-377.png 1280w\" sizes=\"(max-width: 1024px) 100vw, 1024px\" \/><\/figure>\n\n\n\n<p>\u00abEl tiempo dir\u00e1, pero las pruebas iniciales son muy favorables\u00bb, dijo con alivio el manager Mike Shildt a MLB Network y otros medios. \u00abNo hay fracturas de ning\u00fan tipo. Tiene una peque\u00f1a laceraci\u00f3n en la mand\u00edbula y eso nos preocupa, porque claramente es parte de la regi\u00f3n cervical\u00bb.<\/p>\n\n\n\n<p>El propio Luis Arr\u00e1ez envi\u00f3 un mensaje a sus compa\u00f1eros y seguidores, intentando calmar preocupaciones.<\/p>\n\n\n\n<p>Por ahora, descansar\u00e1 hasta el domingo. Como los Padres no jugar\u00e1n el lunes 28 de abril, tratar\u00e1 de regresar al terreno el martes 29, contra los Gigantes, en el Petco Park de San Diego.<\/p>\n\n\n\n<p>Arr\u00e1ez estaba en pleno repunte con el madero, al sufrir la lesi\u00f3n. Comenz\u00f3 la temporada con solo un hit en 18 turnos, pero exhib\u00eda despu\u00e9s de eso un s\u00f3lido average de .338 en los siguientes 17 encuentros, para un promedio de .287 en general.<br><strong><em>ET \/ El Emergente<\/em><\/strong><\/p>\n\n\n\n<p><\/p>\n","protected":false},"excerpt":{"rendered":"<p>ENTRE TORMENTAS. Luis Arr\u00e1ez se perder\u00e1 por lo menos esta semana de acci\u00f3n. El lastimado&#8230;<\/p>\n","protected":false},"author":2,"featured_media":15656,"comment_status":"closed","ping_status":"open","sticky":false,"template":"","format":"standard","meta":{"footnotes":""},"categories":[57,53],"tags":[],"class_list":["post-15655","post","type-post","status-publish","format-standard","has-post-thumbnail","hentry","category-actualidad","category-deportes"],"_links":{"self":[{"href":"https:\/\/entretormentas.com\/index.php?rest_route=\/wp\/v2\/posts\/15655","targetHints":{"allow":["GET"]}}],"collection":[{"href":"https:\/\/entretormentas.com\/index.php?rest_route=\/wp\/v2\/posts"}],"about":[{"href":"https:\/\/entretormentas.com\/index.php?rest_route=\/wp\/v2\/types\/post"}],"author":[{"embeddable":true,"href":"https:\/\/entretormentas.com\/index.php?rest_route=\/wp\/v2\/users\/2"}],"replies":[{"embeddable":true,"href":"https:\/\/entretormentas.com\/index.php?rest_route=%2Fwp%2Fv2%2Fcomments&post=15655"}],"version-history":[{"count":1,"href":"https:\/\/entretormentas.com\/index.php?rest_route=\/wp\/v2\/posts\/15655\/revisions"}],"predecessor-version":[{"id":15658,"href":"https:\/\/entretormentas.com\/index.php?rest_route=\/wp\/v2\/posts\/15655\/revisions\/15658"}],"wp:featuredmedia":[{"embeddable":true,"href":"https:\/\/entretormentas.com\/index.php?rest_route=\/wp\/v2\/media\/15656"}],"wp:attachment":[{"href":"https:\/\/entretormentas.com\/index.php?rest_route=%2Fwp%2Fv2%2Fmedia&parent=15655"}],"wp:term":[{"taxonomy":"category","embeddable":true,"href":"https:\/\/entretormentas.com\/index.php?rest_route=%2Fwp%2Fv2%2Fcategories&post=15655"},{"taxonomy":"post_tag","embeddable":true,"href":"https:\/\/entretormentas.com\/index.php?rest_route=%2Fwp%2Fv2%2Ftags&post=15655"}],"curies":[{"name":"wp","href":"https:\/\/api.w.org\/{rel}","templated":true}]}}