{"id":15671,"date":"2025-04-23T10:11:31","date_gmt":"2025-04-23T08:11:31","guid":{"rendered":"https:\/\/entretormentas.com\/?p=15671"},"modified":"2025-04-23T10:11:32","modified_gmt":"2025-04-23T08:11:32","slug":"comunicado-primero-justicia-excluye-a-11-militantes-de-ese-partido-en-el-zulia","status":"publish","type":"post","link":"https:\/\/entretormentas.com\/comunicado-primero-justicia-excluye-a-11-militantes-de-ese-partido-en-el-zulia\/","title":{"rendered":"\u00a1COMUNICADO! Primero Justicia excluye a 11 militantes de ese partido en el Zulia"},"content":{"rendered":"\n<p><strong>ENTRE TORMENTAS.<\/strong> El partido Primero Justicia expuso que 11 de sus militantes en el Zulia, \u00abpor su posici\u00f3n personal de claudicar ante quienes oprimen al pa\u00eds\u00bb, est\u00e1n fuera de la organizaci\u00f3n negriamarilla.<\/p>\n\n\n\n<p>Mediante un comunicado qued\u00f3 expuesta la situaci\u00f3n de estos ciudadanos, quienes decidieron participar en las elecciones del 25 de mayo, lo cual rompe con la decisi\u00f3n adoptada por el Comit\u00e9 Pol\u00edtico Nacional (CPN) y la Junta Directiva Nacional (JDN) de asistir al evento comicial propuesto para mayo.<\/p>\n\n\n\n<figure class=\"wp-block-image size-full\"><img fetchpriority=\"high\" decoding=\"async\" width=\"700\" height=\"875\" src=\"https:\/\/entretormentas.com\/wp-content\/uploads\/2025\/04\/image-385.png\" alt=\"\" class=\"wp-image-15673\" srcset=\"https:\/\/entretormentas.com\/wp-content\/uploads\/2025\/04\/image-385.png 700w, https:\/\/entretormentas.com\/wp-content\/uploads\/2025\/04\/image-385-240x300.png 240w\" sizes=\"(max-width: 700px) 100vw, 700px\" \/><\/figure>\n\n\n\n<p>Los que quedaron excluidos del partido son Pablo P\u00e9rez, Edgar Ant\u00fanez, Jes\u00fas Govea, Sara Fern\u00e1ndez, Ricardo Useche, Lilibeth Mart\u00ednez, Juan Bracho, Zulia R\u00edos, Elionet Gando, Guillermo Castellanos y Carlos Guerrero.<br><strong><em>ET \/ Foco Informativo<\/em><\/strong><\/p>\n","protected":false},"excerpt":{"rendered":"<p>ENTRE TORMENTAS. El partido Primero Justicia expuso que 11 de sus militantes en el Zulia,&#8230;<\/p>\n","protected":false},"author":2,"featured_media":15672,"comment_status":"closed","ping_status":"open","sticky":false,"template":"","format":"standard","meta":{"footnotes":""},"categories":[57,1],"tags":[],"class_list":["post-15671","post","type-post","status-publish","format-standard","has-post-thumbnail","hentry","category-actualidad","category-regionales"],"_links":{"self":[{"href":"https:\/\/entretormentas.com\/index.php?rest_route=\/wp\/v2\/posts\/15671","targetHints":{"allow":["GET"]}}],"collection":[{"href":"https:\/\/entretormentas.com\/index.php?rest_route=\/wp\/v2\/posts"}],"about":[{"href":"https:\/\/entretormentas.com\/index.php?rest_route=\/wp\/v2\/types\/post"}],"author":[{"embeddable":true,"href":"https:\/\/entretormentas.com\/index.php?rest_route=\/wp\/v2\/users\/2"}],"replies":[{"embeddable":true,"href":"https:\/\/entretormentas.com\/index.php?rest_route=%2Fwp%2Fv2%2Fcomments&post=15671"}],"version-history":[{"count":1,"href":"https:\/\/entretormentas.com\/index.php?rest_route=\/wp\/v2\/posts\/15671\/revisions"}],"predecessor-version":[{"id":15674,"href":"https:\/\/entretormentas.com\/index.php?rest_route=\/wp\/v2\/posts\/15671\/revisions\/15674"}],"wp:featuredmedia":[{"embeddable":true,"href":"https:\/\/entretormentas.com\/index.php?rest_route=\/wp\/v2\/media\/15672"}],"wp:attachment":[{"href":"https:\/\/entretormentas.com\/index.php?rest_route=%2Fwp%2Fv2%2Fmedia&parent=15671"}],"wp:term":[{"taxonomy":"category","embeddable":true,"href":"https:\/\/entretormentas.com\/index.php?rest_route=%2Fwp%2Fv2%2Fcategories&post=15671"},{"taxonomy":"post_tag","embeddable":true,"href":"https:\/\/entretormentas.com\/index.php?rest_route=%2Fwp%2Fv2%2Ftags&post=15671"}],"curies":[{"name":"wp","href":"https:\/\/api.w.org\/{rel}","templated":true}]}}