{"id":15675,"date":"2025-04-23T10:14:08","date_gmt":"2025-04-23T08:14:08","guid":{"rendered":"https:\/\/entretormentas.com\/?p=15675"},"modified":"2025-04-23T10:14:08","modified_gmt":"2025-04-23T08:14:08","slug":"crece-el-apoyo-empresarios-y-emprendedores-del-sur-invitan-a-reelegir-a-manuel-rosales-como-gobernador-del-zulia","status":"publish","type":"post","link":"https:\/\/entretormentas.com\/crece-el-apoyo-empresarios-y-emprendedores-del-sur-invitan-a-reelegir-a-manuel-rosales-como-gobernador-del-zulia\/","title":{"rendered":"\u00a1CRECE EL APOYO! \u200eEmpresarios y Emprendedores del Sur invitan a reelegir a Manuel Rosales como gobernador del Zulia"},"content":{"rendered":"\n<p><br><strong>ENTRE TORMENTAS.<\/strong> \u200eComo parte de los apoyos que ha sumado el voluntariado \u00abUnidos por el Zulia\u00bb, en pro de reelegir a Manuel Rosales Guerrero, como gobernador del estado, este pr\u00f3ximo 25 de mayo, la organizaci\u00f3n Empresarios y Emprendedores de San Francisco (Empresur), dijo presente, apostando por la continuidad de una gesti\u00f3n que cuenta con gran aceptaci\u00f3n y respaldo de los zulianos.<br>\u200e<br>\u200e\u00bbApoyamos el voto, no solamente como instrumento constitucional, democr\u00e1tico y escencial para dirimir las diferencias pol\u00edticas, sino tambi\u00e9n para institucionalizar una conducta que nos distinga como defensores de la democracia. Por eso los empresarios y sectores productivos apostamos por hacer de estas elecciones un proceso donde la gente vote masivamente\u00bb, as\u00ed lo expres\u00f3 Benito Quintero, presidente de Empresur.<br>\u200e<br>\u200eAdem\u00e1s, para Quintero mantener en la gobernaci\u00f3n del Zulia a Manuel Rosales Guerrero, resulta la mejor opci\u00f3n, ya que cuenta con una gesti\u00f3n comprobada por las obras realizadas durante su trayectoria pol\u00edtica que le han generado estabilidad y bienestar a todos los zulianos.<br>\u200e<br>\u200e\u00bbLos empresarios y emprendedores del sur exhortamos a todos los zulianos a plasmar su opini\u00f3n a trav\u00e9s del voto, no podemos dejar que unas minor\u00edas decidan por nuestro futuro, si usted no vota otros votar\u00e1n por usted\u00bb, resalt\u00f3 Quintero.<br><strong><em>\u200eET \/ Nota de Prensa<\/em><\/strong><\/p>\n\n\n\n<p><\/p>\n","protected":false},"excerpt":{"rendered":"<p>ENTRE TORMENTAS. \u200eComo parte de los apoyos que ha sumado el voluntariado \u00abUnidos por el&#8230;<\/p>\n","protected":false},"author":2,"featured_media":15676,"comment_status":"closed","ping_status":"open","sticky":false,"template":"","format":"standard","meta":{"footnotes":""},"categories":[57,1],"tags":[],"class_list":["post-15675","post","type-post","status-publish","format-standard","has-post-thumbnail","hentry","category-actualidad","category-regionales"],"_links":{"self":[{"href":"https:\/\/entretormentas.com\/index.php?rest_route=\/wp\/v2\/posts\/15675","targetHints":{"allow":["GET"]}}],"collection":[{"href":"https:\/\/entretormentas.com\/index.php?rest_route=\/wp\/v2\/posts"}],"about":[{"href":"https:\/\/entretormentas.com\/index.php?rest_route=\/wp\/v2\/types\/post"}],"author":[{"embeddable":true,"href":"https:\/\/entretormentas.com\/index.php?rest_route=\/wp\/v2\/users\/2"}],"replies":[{"embeddable":true,"href":"https:\/\/entretormentas.com\/index.php?rest_route=%2Fwp%2Fv2%2Fcomments&post=15675"}],"version-history":[{"count":1,"href":"https:\/\/entretormentas.com\/index.php?rest_route=\/wp\/v2\/posts\/15675\/revisions"}],"predecessor-version":[{"id":15677,"href":"https:\/\/entretormentas.com\/index.php?rest_route=\/wp\/v2\/posts\/15675\/revisions\/15677"}],"wp:featuredmedia":[{"embeddable":true,"href":"https:\/\/entretormentas.com\/index.php?rest_route=\/wp\/v2\/media\/15676"}],"wp:attachment":[{"href":"https:\/\/entretormentas.com\/index.php?rest_route=%2Fwp%2Fv2%2Fmedia&parent=15675"}],"wp:term":[{"taxonomy":"category","embeddable":true,"href":"https:\/\/entretormentas.com\/index.php?rest_route=%2Fwp%2Fv2%2Fcategories&post=15675"},{"taxonomy":"post_tag","embeddable":true,"href":"https:\/\/entretormentas.com\/index.php?rest_route=%2Fwp%2Fv2%2Ftags&post=15675"}],"curies":[{"name":"wp","href":"https:\/\/api.w.org\/{rel}","templated":true}]}}