{"id":15678,"date":"2025-04-23T10:17:07","date_gmt":"2025-04-23T08:17:07","guid":{"rendered":"https:\/\/entretormentas.com\/?p=15678"},"modified":"2025-04-23T10:17:08","modified_gmt":"2025-04-23T08:17:08","slug":"este-domingo-todo-preparado-para-la-vigesima-octava-fiesta-de-la-divina-misericordia-en-maracaibo","status":"publish","type":"post","link":"https:\/\/entretormentas.com\/este-domingo-todo-preparado-para-la-vigesima-octava-fiesta-de-la-divina-misericordia-en-maracaibo\/","title":{"rendered":"\u00a1ESTE DOMINGO! Todo preparado para la vig\u00e9sima octava fiesta de la Divina Misericordia en Maracaibo"},"content":{"rendered":"\n<p><strong>ENTRE TORMENTAS.<\/strong> La tradicional fiesta de la Divina Misericordia est\u00e1 completamente preparada para realizarse este domingo 27 de abril en Maracaibo. Una vez m\u00e1s, la imagen de Jes\u00fas de la Divina Misericordia recorrer\u00e1 junto a miles de devotos las calles y avenidas de la capital zuliana.<\/p>\n\n\n\n<p>Jes\u00fas de la Divina Misericordia saldr\u00e1 como ya es tradici\u00f3n de la iglesia de la Consolaci\u00f3n, ubicada en Bella Vista, para luego recorrer la avenida 5 de julio, pasando por Indio Mara, para culminar en la doble v\u00eda de Grano de Oro, donde se realizar\u00e1 la multitudinaria eucarist\u00eda.<\/p>\n\n\n\n<p>Para ofrecer detalles de la actividad para este a\u00f1o, los directivos de la Asociaci\u00f3n Mar\u00eda Camino a Jes\u00fas, junto a una representaci\u00f3n de la Iglesia cat\u00f3lica, la Gobernaci\u00f3n del Zulia y la Alcald\u00eda de Maracaibo, realizaron una rueda de prensa para explicar los detalles de la procesi\u00f3n.<\/p>\n\n\n\n<p>Jos\u00e9 Luis Matheus, presidente de la Asociaci\u00f3n Mar\u00eda Camino a Jes\u00fas, destac\u00f3 que a lo largo de los 4.5 kil\u00f3metros de la caminata se dispondr\u00e1n 68 puntos de hidrataci\u00f3n, varias oasis de Misericordia y varios puntos de salud.<\/p>\n\n\n\n<p>Matheus acot\u00f3 que por segunda vez se realizar\u00e1 la Noche de la Misericordia, la cual se realizar\u00e1 la noche del sabado 26 de abril y estar\u00e1 animada por la comunicadora social Anna Vaccarella y contar\u00e1 con la presencia Fray Luis Salazar, un sacerdote marabino de los capuchinos de Caracas para compartir charlas de fe.<\/p>\n\n\n\n<p>A partir de las 6.00 de la tarde del s\u00e1bado, se dispondr\u00e1 en los terrenos del santuario de la Misericordia varios puntos de seguridad y salud para los asistentes. Adem\u00e1s, habr\u00e1 varios sacerdotes que estar\u00e1n confesando a todo aquel que lo desee.<\/p>\n\n\n\n<figure class=\"wp-block-image size-full\"><img fetchpriority=\"high\" decoding=\"async\" width=\"768\" height=\"432\" src=\"https:\/\/entretormentas.com\/wp-content\/uploads\/2025\/04\/image-388.png\" alt=\"\" class=\"wp-image-15680\" srcset=\"https:\/\/entretormentas.com\/wp-content\/uploads\/2025\/04\/image-388.png 768w, https:\/\/entretormentas.com\/wp-content\/uploads\/2025\/04\/image-388-300x169.png 300w\" sizes=\"(max-width: 768px) 100vw, 768px\" \/><\/figure>\n\n\n\n<p><strong>DETALLES PARA TOMAR EN CUENTA<\/strong><br>El domingo 27 de abril, a partir de las 12.00 del mediod\u00eda varios sacerdotes continuar\u00e1n con las confesiones, en la iglesia de Nuestra Se\u00f1ora de la Consolaci\u00f3n. A la 1.30 de la tarde inicia la hora santa, previo al inicio de la procesi\u00f3n.<\/p>\n\n\n\n<p>Se inform\u00f3 que en la santa misa tambien estar\u00e1 la imagen de la Virgen de Nuestra Se\u00f1ora del Carmen, la cual umole 250 a\u00f1os de estar presente en la catedral de Maracaibo. Adem\u00e1s Jes\u00fas de la Misericordia estar\u00e1 acompa\u00f1ado cincos reliquias del primer grado: la de Santa Faustina y San Juan Pablo II, el Beato Jos\u00e9 Gregorio Hern\u00e1ndez, Carlo Acutis y Carmen Rendiles, para celebrar sus canonizaciones anunciadas recientemente.<\/p>\n\n\n\n<p>Andreina Pineda, presidenta de eventos de la Gobernaci\u00f3n del estado Zulia, coment\u00f3 que durante la procesi\u00f3n m\u00e1s de 850 funcionarios de los diferentes organismos de seguridad nacional, regional y municipal estar\u00e1n resguardando la procesi\u00f3n.<\/p>\n\n\n\n<p>Por su parte, Malena Soto, directora de Cultura de la Alcald\u00eda de Maracaibo, indic\u00f3 que desde la Alcald\u00eda de Maracaibo se aportar\u00e1 toda la log\u00edstica que tiene que ver con las unidades m\u00f3viles en salud. El Cuerpo de Bomberos, las ambulancias, la Polic\u00eda Municipal, el apoyo desde la Direcci\u00f3n de Seguridad Ciudadana y todo el trabajo de equipo que desde la Alcald\u00eda de Maracaibo.<br><strong><em>ET \/ Gabriel Sthormes<\/em><\/strong><\/p>\n","protected":false},"excerpt":{"rendered":"<p>ENTRE TORMENTAS. La tradicional fiesta de la Divina Misericordia est\u00e1 completamente preparada para realizarse este&#8230;<\/p>\n","protected":false},"author":2,"featured_media":15679,"comment_status":"closed","ping_status":"open","sticky":false,"template":"","format":"standard","meta":{"footnotes":""},"categories":[57,1],"tags":[],"class_list":["post-15678","post","type-post","status-publish","format-standard","has-post-thumbnail","hentry","category-actualidad","category-regionales"],"_links":{"self":[{"href":"https:\/\/entretormentas.com\/index.php?rest_route=\/wp\/v2\/posts\/15678","targetHints":{"allow":["GET"]}}],"collection":[{"href":"https:\/\/entretormentas.com\/index.php?rest_route=\/wp\/v2\/posts"}],"about":[{"href":"https:\/\/entretormentas.com\/index.php?rest_route=\/wp\/v2\/types\/post"}],"author":[{"embeddable":true,"href":"https:\/\/entretormentas.com\/index.php?rest_route=\/wp\/v2\/users\/2"}],"replies":[{"embeddable":true,"href":"https:\/\/entretormentas.com\/index.php?rest_route=%2Fwp%2Fv2%2Fcomments&post=15678"}],"version-history":[{"count":1,"href":"https:\/\/entretormentas.com\/index.php?rest_route=\/wp\/v2\/posts\/15678\/revisions"}],"predecessor-version":[{"id":15681,"href":"https:\/\/entretormentas.com\/index.php?rest_route=\/wp\/v2\/posts\/15678\/revisions\/15681"}],"wp:featuredmedia":[{"embeddable":true,"href":"https:\/\/entretormentas.com\/index.php?rest_route=\/wp\/v2\/media\/15679"}],"wp:attachment":[{"href":"https:\/\/entretormentas.com\/index.php?rest_route=%2Fwp%2Fv2%2Fmedia&parent=15678"}],"wp:term":[{"taxonomy":"category","embeddable":true,"href":"https:\/\/entretormentas.com\/index.php?rest_route=%2Fwp%2Fv2%2Fcategories&post=15678"},{"taxonomy":"post_tag","embeddable":true,"href":"https:\/\/entretormentas.com\/index.php?rest_route=%2Fwp%2Fv2%2Ftags&post=15678"}],"curies":[{"name":"wp","href":"https:\/\/api.w.org\/{rel}","templated":true}]}}