{"id":15682,"date":"2025-04-23T10:19:45","date_gmt":"2025-04-23T08:19:45","guid":{"rendered":"https:\/\/entretormentas.com\/?p=15682"},"modified":"2025-04-23T10:20:47","modified_gmt":"2025-04-23T08:20:47","slug":"para-actos-funebres-del-papa-representantes-eclesiasticos-en-venezuela-viajaran-a-roma","status":"publish","type":"post","link":"https:\/\/entretormentas.com\/para-actos-funebres-del-papa-representantes-eclesiasticos-en-venezuela-viajaran-a-roma\/","title":{"rendered":"\u00a1PARA ACTOS F\u00daNEBRES DEL PAPA! Representantes eclesi\u00e1sticos en Venezuela viajar\u00e1n a Roma"},"content":{"rendered":"\n<p><strong>ENTRE TORMENTAS. <\/strong>Tras el comunicado emitido por la Conferencia Episcopal de Venezuela la mayor\u00eda de las iglesias venezolanas han celebrado misas en honor al papa Francisco. Mar\u00eda Iginia Silva, prensa del cardenal Baltazar Porras, cont\u00f3 los detalles de las actividades que se llevar\u00e1n a cabo durante los d\u00edas venideros tras el fallecimiento del pont\u00edfice.<\/p>\n\n\n\n<p>Se destac\u00f3 tambi\u00e9n que el cardenal Baltazar Porras, quien se encontraba en M\u00e9rida al recibir la noticia, est\u00e1 haciendo todo lo posible para llegar a Caracas antes de partir hacia Roma. \u00abEstamos organizando la participaci\u00f3n de nuestros representantes en los actos f\u00fanebres y en el prec\u00f3nclave\u00bb, afirm\u00f3 Silva, refiere la nota de Mundo UR.<\/p>\n\n\n\n<p><strong>PREPARATIVOS PARA EL C\u00d3NCLAVE<\/strong><br>Las din\u00e1micas de los actos en honor al papa son particulares y varias de las representaciones eclesi\u00e1sticas en Venezuela partir\u00e1n hacia Roma. Seg\u00fan Mar\u00eda Iginia \u00ablos cardenales de Venezuela, aunque no tienen voto en el c\u00f3nclave, tendr\u00e1n una representaci\u00f3n significativa en el prec\u00f3nclave que se llevar\u00e1 a cabo en aproximadamente 15 a 20 d\u00edas\u00bb.<\/p>\n\n\n\n<p>Este periodo de luto de nueve d\u00edas permitir\u00e1 que todos los cardenales lleguen a Roma para participar en los congresos generales, donde se discutir\u00e1n las caracter\u00edsticas del pr\u00f3ximo sumo pont\u00edfice. \u00abEs crucial que se decida si la nueva direcci\u00f3n de la Iglesia seguir\u00e1 la l\u00ednea de Francisco o regresar\u00e1 a posturas m\u00e1s conservadoras\u00bb, a\u00f1adi\u00f3 Silva.<\/p>\n\n\n\n<p><strong>ALISTAN EL FUNERAL<\/strong><br>El Vaticano ha confirmado que el cuerpo del papa Francisco ser\u00e1 trasladado a la Bas\u00edlica de San Pedro el mi\u00e9rcoles, y su funeral se celebrar\u00e1 el s\u00e1bado a las 10:00 a.m. (hora Roma) en la Plaza de San Pedro. \u00abLa capilla ardiente estar\u00e1 abierta durante tres d\u00edas para que los fieles puedan despedir al pont\u00edfice\u00bb, indic\u00f3 Silva.<\/p>\n\n\n\n<p>La comunidad cat\u00f3lica en Venezuela y el mundo se prepara para el c\u00f3nclave mientras siguen a la expectativa de qui\u00e9n ser\u00e1 la figura que represente a la Iglesia Cat\u00f3lica.<br><strong><em>ET \/ Agencias<\/em><\/strong><\/p>\n\n\n\n<p><\/p>\n","protected":false},"excerpt":{"rendered":"<p>ENTRE TORMENTAS. Tras el comunicado emitido por la Conferencia Episcopal de Venezuela la mayor\u00eda de&#8230;<\/p>\n","protected":false},"author":2,"featured_media":15683,"comment_status":"closed","ping_status":"open","sticky":false,"template":"","format":"standard","meta":{"footnotes":""},"categories":[56,49],"tags":[],"class_list":["post-15682","post","type-post","status-publish","format-standard","has-post-thumbnail","hentry","category-destacadas","category-nacionales"],"_links":{"self":[{"href":"https:\/\/entretormentas.com\/index.php?rest_route=\/wp\/v2\/posts\/15682","targetHints":{"allow":["GET"]}}],"collection":[{"href":"https:\/\/entretormentas.com\/index.php?rest_route=\/wp\/v2\/posts"}],"about":[{"href":"https:\/\/entretormentas.com\/index.php?rest_route=\/wp\/v2\/types\/post"}],"author":[{"embeddable":true,"href":"https:\/\/entretormentas.com\/index.php?rest_route=\/wp\/v2\/users\/2"}],"replies":[{"embeddable":true,"href":"https:\/\/entretormentas.com\/index.php?rest_route=%2Fwp%2Fv2%2Fcomments&post=15682"}],"version-history":[{"count":1,"href":"https:\/\/entretormentas.com\/index.php?rest_route=\/wp\/v2\/posts\/15682\/revisions"}],"predecessor-version":[{"id":15684,"href":"https:\/\/entretormentas.com\/index.php?rest_route=\/wp\/v2\/posts\/15682\/revisions\/15684"}],"wp:featuredmedia":[{"embeddable":true,"href":"https:\/\/entretormentas.com\/index.php?rest_route=\/wp\/v2\/media\/15683"}],"wp:attachment":[{"href":"https:\/\/entretormentas.com\/index.php?rest_route=%2Fwp%2Fv2%2Fmedia&parent=15682"}],"wp:term":[{"taxonomy":"category","embeddable":true,"href":"https:\/\/entretormentas.com\/index.php?rest_route=%2Fwp%2Fv2%2Fcategories&post=15682"},{"taxonomy":"post_tag","embeddable":true,"href":"https:\/\/entretormentas.com\/index.php?rest_route=%2Fwp%2Fv2%2Ftags&post=15682"}],"curies":[{"name":"wp","href":"https:\/\/api.w.org\/{rel}","templated":true}]}}