{"id":15688,"date":"2025-04-23T10:25:44","date_gmt":"2025-04-23T08:25:44","guid":{"rendered":"https:\/\/entretormentas.com\/?p=15688"},"modified":"2025-04-23T10:25:44","modified_gmt":"2025-04-23T08:25:44","slug":"hoy-miercoles-23-abr-feretro-del-papa-francisco-llega-a-la-basilica-de-san-pedro","status":"publish","type":"post","link":"https:\/\/entretormentas.com\/hoy-miercoles-23-abr-feretro-del-papa-francisco-llega-a-la-basilica-de-san-pedro\/","title":{"rendered":"\u00a1HOY MI\u00c9RCOLES 23-ABR! F\u00e9retro del Papa Francisco llega a la Bas\u00edlica de San Pedro"},"content":{"rendered":"\n<p><strong>ENTRE TORMENTAS. <\/strong>La Oficina de Prensa de la Santa Sede dio a conocer la ma\u00f1ana de este martes 22 de abril, que, \u201cel mi\u00e9rcoles 23 de abril de 2025, a las 9.00 horas, el f\u00e9retro que contiene el difunto Romano Pont\u00edfice Francisco, ser\u00e1 trasladado desde la capilla de la Domus Sanct\u00e6 Marth\u00e6 a la Bas\u00edlica Papal de San Pedro, seg\u00fan lo previsto por el Ordo Exsequiarum Romani Pontificis (nn. 41-65)\u201d.<\/p>\n\n\n\n<p>Asimismo, la Oficina de Prensa se\u00f1ala que, \u201cdespu\u00e9s del momento de oraci\u00f3n, presidido por el cardenal Kevin Joseph Farrell, Camarlengo de la Santa Iglesia Romana, comenzar\u00e1 el traslado del f\u00e9retro. La procesi\u00f3n pasar\u00e1 por la Plaza Santa Marta y la Plaza de los Protom\u00e1rtires Romanos; desde el Arco de las Campanas se subir\u00e1 a la Plaza de San Pedro y se entrar\u00e1 en la Bas\u00edlica Vaticana por la puerta central\u201d.<\/p>\n\n\n\n<figure class=\"wp-block-image size-full\"><img fetchpriority=\"high\" decoding=\"async\" width=\"708\" height=\"389\" src=\"https:\/\/entretormentas.com\/wp-content\/uploads\/2025\/04\/image-392.png\" alt=\"\" class=\"wp-image-15690\" srcset=\"https:\/\/entretormentas.com\/wp-content\/uploads\/2025\/04\/image-392.png 708w, https:\/\/entretormentas.com\/wp-content\/uploads\/2025\/04\/image-392-300x165.png 300w\" sizes=\"(max-width: 708px) 100vw, 708px\" \/><\/figure>\n\n\n\n<p><strong>EL FUNERAL SER\u00c1 EL S\u00c1BADO<br><\/strong>El funeral del papa Francisco se celebrar\u00e1 el 26 de abril a las 10.00 hora local (8.00 GMT) en la plaza de San Pedro del Vaticano.<\/p>\n\n\n\n<p>La ceremonia, a la que est\u00e1 previsto que lleguen Jefes de Estado de todo el mundo, estar\u00e1 oficiada por el decano del colegio cardenalicio, Giovanni Battista Re, y al termino el f\u00e9retro ser\u00e1 trasladado a la bas\u00edlica de Santa Mar\u00eda la Mayor para ser enterrado, seg\u00fan dej\u00f3 escrito el pont\u00edfice argentino en su testamento.<br><strong><em>ET \/ Vatican News<\/em><\/strong><\/p>\n\n\n\n<p><\/p>\n","protected":false},"excerpt":{"rendered":"<p>ENTRE TORMENTAS. La Oficina de Prensa de la Santa Sede dio a conocer la ma\u00f1ana&#8230;<\/p>\n","protected":false},"author":2,"featured_media":15689,"comment_status":"closed","ping_status":"open","sticky":false,"template":"","format":"standard","meta":{"footnotes":""},"categories":[56,48],"tags":[],"class_list":["post-15688","post","type-post","status-publish","format-standard","has-post-thumbnail","hentry","category-destacadas","category-internacionales"],"_links":{"self":[{"href":"https:\/\/entretormentas.com\/index.php?rest_route=\/wp\/v2\/posts\/15688","targetHints":{"allow":["GET"]}}],"collection":[{"href":"https:\/\/entretormentas.com\/index.php?rest_route=\/wp\/v2\/posts"}],"about":[{"href":"https:\/\/entretormentas.com\/index.php?rest_route=\/wp\/v2\/types\/post"}],"author":[{"embeddable":true,"href":"https:\/\/entretormentas.com\/index.php?rest_route=\/wp\/v2\/users\/2"}],"replies":[{"embeddable":true,"href":"https:\/\/entretormentas.com\/index.php?rest_route=%2Fwp%2Fv2%2Fcomments&post=15688"}],"version-history":[{"count":1,"href":"https:\/\/entretormentas.com\/index.php?rest_route=\/wp\/v2\/posts\/15688\/revisions"}],"predecessor-version":[{"id":15691,"href":"https:\/\/entretormentas.com\/index.php?rest_route=\/wp\/v2\/posts\/15688\/revisions\/15691"}],"wp:featuredmedia":[{"embeddable":true,"href":"https:\/\/entretormentas.com\/index.php?rest_route=\/wp\/v2\/media\/15689"}],"wp:attachment":[{"href":"https:\/\/entretormentas.com\/index.php?rest_route=%2Fwp%2Fv2%2Fmedia&parent=15688"}],"wp:term":[{"taxonomy":"category","embeddable":true,"href":"https:\/\/entretormentas.com\/index.php?rest_route=%2Fwp%2Fv2%2Fcategories&post=15688"},{"taxonomy":"post_tag","embeddable":true,"href":"https:\/\/entretormentas.com\/index.php?rest_route=%2Fwp%2Fv2%2Ftags&post=15688"}],"curies":[{"name":"wp","href":"https:\/\/api.w.org\/{rel}","templated":true}]}}