{"id":15692,"date":"2025-04-23T10:28:52","date_gmt":"2025-04-23T08:28:52","guid":{"rendered":"https:\/\/entretormentas.com\/?p=15692"},"modified":"2025-04-23T10:28:52","modified_gmt":"2025-04-23T08:28:52","slug":"para-comicios-del-25-may-maduro-nombra-a-jorge-rodriguez-como-jefe-del-comando-de-campana","status":"publish","type":"post","link":"https:\/\/entretormentas.com\/para-comicios-del-25-may-maduro-nombra-a-jorge-rodriguez-como-jefe-del-comando-de-campana\/","title":{"rendered":"\u00a1PARA COMICIOS DEL 25-MAY! Maduro nombra a Jorge Rodr\u00edguez como jefe del Comando de Campa\u00f1a"},"content":{"rendered":"\n<p><strong>ENTRE TORMENTAS. <\/strong>Desde el Teatro Teresa Carre\u00f1o, en Caracas, el presidente de la Rep\u00fablica, Nicol\u00e1s Maduro Moros, dio a conocer a los integrantes que conformar\u00e1n el Comando de Campa\u00f1a Nacional para las elecciones regionales y parlamentarias del pr\u00f3ximo 25 de mayo, que ser\u00e1 coordinado por el diputado y m\u00e1xima autoridad de la Asamblea Nacional (AN), Jorge Rodr\u00edguez, quien estar\u00e1 acompa\u00f1ado por Vanessa Montero como secretaria ejecutiva.<\/p>\n\n\n\n<p>Asimismo, el mandatario nacional indic\u00f3 que esta ser\u00e1 una nueva batalla en la que la Revoluci\u00f3n saldr\u00e1 victoriosa, por lo que este comando estar\u00e1 conformado a su vez, por seis equipos de trabajo que estar\u00e1n divididos de la siguiente manera:<\/p>\n\n\n\n<p>-Eventos, movilizaciones y actos de calle: Nahum Fern\u00e1ndez y Juan Escalona.<br>-Amplias alianzas y movimientos sociales: H\u00e9ctor Rodr\u00edguez y Francisco Torrealba.<br>-Maquinaria electoral y defensa del voto: Diosdado Cabello y Pedro Infante.<br>-Programa de las 7T: Carmen Mel\u00e9ndez y Ricardo Men\u00e9ndez.<br>-Estrategia Electoral: Cilia Flores y Alfred Nazareth \u00d1\u00e1\u00f1ez.<br>-Comunicaci\u00f3n y propaganda: Gustavo Villapol y Alberto Alvarado.<\/p>\n\n\n\n<p>Aunado a ello, expres\u00f3 que esta campa\u00f1a electoral contar\u00e1 con voceros nacionales, como: Jorge Rodr\u00edguez, Cilia Flores, Nicol\u00e1s Maduro Guerra, Am\u00e9rica P\u00e9rez, Grecia Colmenarez, Tania D\u00edaz, Blanca Eekout, G\u00e9nesis Garvett, Orlando Camacho y Willy Casanova.<\/p>\n\n\n\n<p>Al citar al tambi\u00e9n ministro para Relaciones Interiores, Justicia y Paz, Diosdado Cabello, el presidente Nicol\u00e1s Maduro record\u00f3 que \u201csomos la mayor garant\u00eda de la existencia misma de esta Rep\u00fablica, de la paz, de la estabilidad, somos la fuerza de futuro\u201d.<\/p>\n\n\n\n<figure class=\"wp-block-image size-full\"><img fetchpriority=\"high\" decoding=\"async\" width=\"766\" height=\"396\" src=\"https:\/\/entretormentas.com\/wp-content\/uploads\/2025\/04\/image-393.png\" alt=\"\" class=\"wp-image-15693\" srcset=\"https:\/\/entretormentas.com\/wp-content\/uploads\/2025\/04\/image-393.png 766w, https:\/\/entretormentas.com\/wp-content\/uploads\/2025\/04\/image-393-300x155.png 300w\" sizes=\"(max-width: 766px) 100vw, 766px\" \/><\/figure>\n\n\n\n<p><strong>EN LA CALLE<\/strong><br>Por su parte, Jorge Rodr\u00edguez expres\u00f3 que esta nueva contienda electoral significa la profundizaci\u00f3n de la democracia, as\u00ed como la modernizaci\u00f3n de las leyes de Venezuela.<\/p>\n\n\n\n<p>Destac\u00f3 adem\u00e1s que \u00abdebemos recordar lo que significar\u00eda que la ultraderecha vuelva a tomar alguna gobernaci\u00f3n, alcald\u00eda o curul en la AN\u00bb.<\/p>\n\n\n\n<p>Enfatiz\u00f3 que esta campa\u00f1a debe hacerse en cada calle, en cada rinc\u00f3n del territorio, puesto que se trata de la reforma profunda de los c\u00f3digos de la nueva arquitectura de ley en Venezuela; que incluir\u00e1 las leyes para emprendimiento y para fortalecer el progreso econ\u00f3mico. Reiter\u00f3 que estos instrumentos legales hay que hacerlos cercanos a la gente, m\u00e1s comprensibles; que el \u201cparlamento se riegue a las calles de Venezuela\u201d, a\u00f1adi\u00f3 el presidente de la AN.<br><strong><em>ET \/ VTV<\/em><\/strong><\/p>\n","protected":false},"excerpt":{"rendered":"<p>ENTRE TORMENTAS. Desde el Teatro Teresa Carre\u00f1o, en Caracas, el presidente de la Rep\u00fablica, Nicol\u00e1s&#8230;<\/p>\n","protected":false},"author":2,"featured_media":15694,"comment_status":"closed","ping_status":"open","sticky":false,"template":"","format":"standard","meta":{"footnotes":""},"categories":[56,49],"tags":[],"class_list":["post-15692","post","type-post","status-publish","format-standard","has-post-thumbnail","hentry","category-destacadas","category-nacionales"],"_links":{"self":[{"href":"https:\/\/entretormentas.com\/index.php?rest_route=\/wp\/v2\/posts\/15692","targetHints":{"allow":["GET"]}}],"collection":[{"href":"https:\/\/entretormentas.com\/index.php?rest_route=\/wp\/v2\/posts"}],"about":[{"href":"https:\/\/entretormentas.com\/index.php?rest_route=\/wp\/v2\/types\/post"}],"author":[{"embeddable":true,"href":"https:\/\/entretormentas.com\/index.php?rest_route=\/wp\/v2\/users\/2"}],"replies":[{"embeddable":true,"href":"https:\/\/entretormentas.com\/index.php?rest_route=%2Fwp%2Fv2%2Fcomments&post=15692"}],"version-history":[{"count":1,"href":"https:\/\/entretormentas.com\/index.php?rest_route=\/wp\/v2\/posts\/15692\/revisions"}],"predecessor-version":[{"id":15695,"href":"https:\/\/entretormentas.com\/index.php?rest_route=\/wp\/v2\/posts\/15692\/revisions\/15695"}],"wp:featuredmedia":[{"embeddable":true,"href":"https:\/\/entretormentas.com\/index.php?rest_route=\/wp\/v2\/media\/15694"}],"wp:attachment":[{"href":"https:\/\/entretormentas.com\/index.php?rest_route=%2Fwp%2Fv2%2Fmedia&parent=15692"}],"wp:term":[{"taxonomy":"category","embeddable":true,"href":"https:\/\/entretormentas.com\/index.php?rest_route=%2Fwp%2Fv2%2Fcategories&post=15692"},{"taxonomy":"post_tag","embeddable":true,"href":"https:\/\/entretormentas.com\/index.php?rest_route=%2Fwp%2Fv2%2Ftags&post=15692"}],"curies":[{"name":"wp","href":"https:\/\/api.w.org\/{rel}","templated":true}]}}