{"id":15701,"date":"2025-04-23T10:37:09","date_gmt":"2025-04-23T08:37:09","guid":{"rendered":"https:\/\/entretormentas.com\/?p=15701"},"modified":"2025-04-23T10:37:10","modified_gmt":"2025-04-23T08:37:10","slug":"pecado-o-inquisicion-electoral","status":"publish","type":"post","link":"https:\/\/entretormentas.com\/pecado-o-inquisicion-electoral\/","title":{"rendered":"\u00bfPecado o inquisici\u00f3n electoral?"},"content":{"rendered":"\n<p><strong><em>\u00abLa democracia se construye con el coraje de quienes votan, a\u00fan sabiendo que el camino ser\u00e1 largo. La abstenci\u00f3n s\u00f3lo perpet\u00faa el silencio de los oprimidos\u00bb<\/em><\/strong><br><strong>Nelson Mandela<\/strong><\/p>\n\n\n\n<p><strong>ENTRE TORMENTAS.<\/strong> En Venezuela hay pol\u00edticos que creen ser \u00abpuros\u00bb, \u00abcoherentes\u00bb, \u00ab\u00fanicos\u00bb que gustan satanizar, despotricar descalificar o \u00abecharle dedo\u00bb a quien piense distinto a ellos, sin importar que sea gente de la misma oposici\u00f3n que tambi\u00e9n busca un cambio de gobierno, cuando olvidan que \u00abquien est\u00e9 libre de culpa que tire la\u00a0primera piedra\u00bb, que nos recuerda el Evangelio de Juan (Juan 8:7-11) cuando critica la \u00abhipocres\u00eda o el doble rasero en la moral, invitando a la reflexi\u00f3n y a la autoevaluaci\u00f3n antes de juzgar a otros\u00bb. \u00a0<\/p>\n\n\n\n<p>Esa es una verdad creciente en las redes sociales donde a diario vemos mensajes cargados de \u00abodio\u00bb, \u00abdescalificaci\u00f3n\u00bb y \u00abdesprecio\u00bb en el debate abierto de quienes est\u00e1n en contra de ir a votar el 25M, descargando fuego, metralla pura, a quien le asiste todo el derecho de expresarse en las elecciones a gobernadores y diputados a la Asamblea Nacional y Consejos Legislativos de los estados.<\/p>\n\n\n\n<p>Es un verdadero escenario de guerra sucia declarada, digamos, una moderna \u00abinquisici\u00f3n electoral\u00bb o cacer\u00eda de brujas, donde a cualquier costo, &#8211;m\u00e1s digno de desespero&#8211;, persigue imponer un s\u00f3lo criterio a trocha y mocha, una l\u00ednea pol\u00edtica y \u00fanica opini\u00f3n, cual pensamiento cerrado, no criticable, prohibido o que niega el disentimiento y el cuestionamiento que tanto le es criticado al chavismo.<\/p>\n\n\n\n<p>Esta narrativa que confronta a venezolanos deseosos de salir de la tragedia que afecta al pa\u00eds desde hace 26 a\u00f1os, tiene en Mar\u00eda Corina Machado a su mejor exponente, porque de acuerdo del como \u00abvaya viniendo vamos viendo\u00bb, sus \u00f3rdenes de ataque dependen m\u00e1s de su estado de \u00e1nimo y del inter\u00e9s de que su \u00abliderazgo\u00bb no se vea afectado o que lo que diga sea santa palabra, cual ungida por un tribunal celestial, que no acepta de nadie contradecirla. Eso es inapelable.<\/p>\n\n\n\n<p>Su liderazgo nadie lo pone en discusi\u00f3n ni tampoco el valor de su trabajo que permiti\u00f3 la alta votaci\u00f3n del 28J que observ\u00f3 el mundo entero, pero ahora, una vez m\u00e1s, la terquedad de su protagonismo exagerado equivoca la estrategia al llamar a la abstenci\u00f3n electoral que siempre ha sido un grito de guerra que la distingue, sin importarle mucho o nada que el pa\u00eds siga dando las mismas vueltas y termine de llegar al mismo lugar de donde arranca en cada elecci\u00f3n. En nada, dividido y frustrado.<\/p>\n\n\n\n<p>Eso es lo grave pero a\u00fan m\u00e1s que los llamados a no votar que ella formula y que es coreada por sus seguidores, quiz\u00e1 muchos de buena fe, &#8211;claro, otros no&#8211;, en su derecho en creer en su palabra, terminan por quedar m\u00e1s confundidos por cuanto no hay a la vista alguna propuesta del \u00bfqu\u00e9 viene despu\u00e9s si no votamos el 25M?. \u00bfSer\u00e1 que en el Hasta el Final de los tiempos es donde est\u00e1 nuestra redenci\u00f3n, liberaci\u00f3n o salvaci\u00f3n?.<\/p>\n\n\n\n<figure class=\"wp-block-image size-full\"><img fetchpriority=\"high\" decoding=\"async\" width=\"708\" height=\"929\" src=\"https:\/\/entretormentas.com\/wp-content\/uploads\/2025\/04\/image-398.png\" alt=\"\" class=\"wp-image-15702\" srcset=\"https:\/\/entretormentas.com\/wp-content\/uploads\/2025\/04\/image-398.png 708w, https:\/\/entretormentas.com\/wp-content\/uploads\/2025\/04\/image-398-229x300.png 229w\" sizes=\"(max-width: 708px) 100vw, 708px\" \/><figcaption class=\"wp-element-caption\"><strong>Ilustraci\u00f3n: FEYO<\/strong><\/figcaption><\/figure>\n\n\n\n<p>El fin de semana pasado le\u00ed una declaraci\u00f3n atribuida a Mar\u00eda Corina Machado donde asegura que \u00ablo que a m\u00ed m\u00e1s me ha dolido son los amigos y compa\u00f1eros que he perdido, porque&nbsp;traicionaron la causa. Porque por un motivo u otro se rindieron o se entregaron. Aquellos que llaman, convocan y promueven la rendici\u00f3n o la entrega o dejan de luchar, para m\u00ed es imperdonable\u00bb.<\/p>\n\n\n\n<p>Esa afirmaci\u00f3n es, por ejemplo, la gasolina que enciende los motores de ataques de odio, desprestigio y descalificaci\u00f3n contra adversarios de la misma oposici\u00f3n venezolana que no piensan o act\u00faan como ella o de cercanos a su entorno. \u00bfAlguien podr\u00eda negarlo?. A todas estas, la gran verdad es que el \u00fanico beneficiario de este debate est\u00e9ril es el gobierno de Miraflores que busca sacar el mayor r\u00e9dito posible a las grietas divisionistas en la oposici\u00f3n.<\/p>\n\n\n\n<p>Adem\u00e1s, en el caso del Zulia, quien no sabe que Juan Pablo Guanipa a lo largo de su trayectoria pol\u00edtica est\u00e1 afectado por una compulsiva obsesi\u00f3n de liderazgo que termin\u00f3 por perder, cuando en 2017 enga\u00f1\u00f3, burl\u00f3 y estaf\u00f3 la confianza de m\u00e1s de 700 mil hombres y mujeres que le dieron un mandato para dirigir la Gobernaci\u00f3n, pero termin\u00f3 entreg\u00e1ndola al PSUV.<\/p>\n\n\n\n<p>Dir\u00e1n que exagero, pero no hay otra explicaci\u00f3n que su animadversi\u00f3n contra Manuel Rosales, nada nueva o desacuerdo contra quien llame a votar, no salda el error, disparate y la falta cometida en lo que pudo haber sido una buena gesti\u00f3n de su parte y no la pesadilla que nos toc\u00f3 vivir a los zulianos en cuatro a\u00f1os del gobierno oficialista. La desconexi\u00f3n de la lengua, cerebro y coraz\u00f3n es la peor estrategia de cualquier pol\u00edtico.<\/p>\n\n\n\n<p>Lo sensato, respetuoso y coherente deber\u00eda ser en teor\u00eda que quien desee no votar nadie lo critique, pero lo intolerante es quien piense y est\u00e9 seguro en hacerlo, no sea humillado, descalificado, llamado traidor o \u00abcolaboracionista\u00bb del gobierno chavista, porque \u00bfcu\u00e1l es la diferencia de asistir a votar, entre las elecciones del 28J y las del 25M?.<\/p>\n\n\n\n<p>No olvidemos que en la historia de la humanidad existi\u00f3 una \u00e9poca oscura conocida como \u00abLa Inquisici\u00f3n\u00bb en la que el acoso, hostigamiento y persecuci\u00f3n contra la disidencia religiosa, castig\u00f3 a muchos que pagaron con sus vidas. Un tribunal creado por la Iglesia Cat\u00f3lica no admit\u00eda delitos contra la fe, entre ellos, la herej\u00eda, blasfemia y brujer\u00eda.<\/p>\n\n\n\n<p>Menos mal que estamos muy lejos de ese aciago momento de la historia humana. Ahora no es un tribunal inquisidor el que debe preocuparnos, sino otro de naturaleza electoral que ser\u00e1 observado por el mundo para que no cometa otro pecado. \u00a1Amanecer\u00e1 y Veremos!<\/p>\n\n\n\n<p><strong><em>Por Jos\u00e9 Aranguibel Carrasco<\/em><\/strong><\/p>\n\n\n\n<p><\/p>\n","protected":false},"excerpt":{"rendered":"<p>\u00abLa democracia se construye con el coraje de quienes votan, a\u00fan sabiendo que el camino&#8230;<\/p>\n","protected":false},"author":2,"featured_media":15703,"comment_status":"closed","ping_status":"open","sticky":false,"template":"","format":"standard","meta":{"footnotes":""},"categories":[50],"tags":[],"class_list":["post-15701","post","type-post","status-publish","format-standard","has-post-thumbnail","hentry","category-opinion"],"_links":{"self":[{"href":"https:\/\/entretormentas.com\/index.php?rest_route=\/wp\/v2\/posts\/15701","targetHints":{"allow":["GET"]}}],"collection":[{"href":"https:\/\/entretormentas.com\/index.php?rest_route=\/wp\/v2\/posts"}],"about":[{"href":"https:\/\/entretormentas.com\/index.php?rest_route=\/wp\/v2\/types\/post"}],"author":[{"embeddable":true,"href":"https:\/\/entretormentas.com\/index.php?rest_route=\/wp\/v2\/users\/2"}],"replies":[{"embeddable":true,"href":"https:\/\/entretormentas.com\/index.php?rest_route=%2Fwp%2Fv2%2Fcomments&post=15701"}],"version-history":[{"count":1,"href":"https:\/\/entretormentas.com\/index.php?rest_route=\/wp\/v2\/posts\/15701\/revisions"}],"predecessor-version":[{"id":15704,"href":"https:\/\/entretormentas.com\/index.php?rest_route=\/wp\/v2\/posts\/15701\/revisions\/15704"}],"wp:featuredmedia":[{"embeddable":true,"href":"https:\/\/entretormentas.com\/index.php?rest_route=\/wp\/v2\/media\/15703"}],"wp:attachment":[{"href":"https:\/\/entretormentas.com\/index.php?rest_route=%2Fwp%2Fv2%2Fmedia&parent=15701"}],"wp:term":[{"taxonomy":"category","embeddable":true,"href":"https:\/\/entretormentas.com\/index.php?rest_route=%2Fwp%2Fv2%2Fcategories&post=15701"},{"taxonomy":"post_tag","embeddable":true,"href":"https:\/\/entretormentas.com\/index.php?rest_route=%2Fwp%2Fv2%2Ftags&post=15701"}],"curies":[{"name":"wp","href":"https:\/\/api.w.org\/{rel}","templated":true}]}}