{"id":15709,"date":"2025-04-24T09:04:07","date_gmt":"2025-04-24T07:04:07","guid":{"rendered":"https:\/\/entretormentas.com\/?p=15709"},"modified":"2025-04-24T09:04:07","modified_gmt":"2025-04-24T07:04:07","slug":"este-domingo-27-abr-gobernacion-estara-presente-en-la-procesion-de-jesus-de-la-misericordia","status":"publish","type":"post","link":"https:\/\/entretormentas.com\/este-domingo-27-abr-gobernacion-estara-presente-en-la-procesion-de-jesus-de-la-misericordia\/","title":{"rendered":"\u00a1ESTE DOMINGO 27-ABR! Gobernaci\u00f3n estar\u00e1 presente en la Procesi\u00f3n de Jes\u00fas de la Misericordia"},"content":{"rendered":"\n<p><strong>ENTRE TORMENTAS. <\/strong>Como es tradici\u00f3n, cada segundo domingo de pascua, se celebra el D\u00eda de la Misericordia Divina, decretado por el papa Juan Pablo II el 30 de abril de 2000, con la canonizaci\u00f3n de Santa Faustina Kowalska.<\/p>\n\n\n\n<p>Para la celebraci\u00f3n de esta importante actividad cat\u00f3lica, la Gobernaci\u00f3n del Zulia, a trav\u00e9s de su gabinete ejecutivo, participar\u00e1 en la Procesi\u00f3n D\u00eda de la Misericordia, que se realizar\u00e1 el pr\u00f3ximo domingo 27 de abril, en la Iglesia Ntra. Sra. de la Consolaci\u00f3n en la Av. Bella Vista con la tradicional Hora Santa a la 1:30 pm, para luego dar inicio a la procesi\u00f3n con la imagen de Jes\u00fas Misericordioso a las 2:30 pm, que har\u00e1 su tradicional recorrido hasta los terrenos donde ser\u00e1 construido el Santuario de la Divina Misericordia. Finalizando, con la celebraci\u00f3n de la Santa Misa a las 5:30 pm, que ser\u00e1 presidida por el Arzobispo Em\u00e9rito de Maracaibo, Mons. Ubaldo Santana.<\/p>\n\n\n\n<figure class=\"wp-block-image size-large\"><img fetchpriority=\"high\" decoding=\"async\" width=\"1024\" height=\"576\" src=\"https:\/\/entretormentas.com\/wp-content\/uploads\/2025\/04\/image-402-1024x576.png\" alt=\"\" class=\"wp-image-15711\" srcset=\"https:\/\/entretormentas.com\/wp-content\/uploads\/2025\/04\/image-402-1024x576.png 1024w, https:\/\/entretormentas.com\/wp-content\/uploads\/2025\/04\/image-402-300x169.png 300w, https:\/\/entretormentas.com\/wp-content\/uploads\/2025\/04\/image-402-768x432.png 768w, https:\/\/entretormentas.com\/wp-content\/uploads\/2025\/04\/image-402.png 1280w\" sizes=\"(max-width: 1024px) 100vw, 1024px\" \/><\/figure>\n\n\n\n<p>En este sentido, la presidente de la Comisi\u00f3n de Festividades Zulianas (Cofez), Andreina Pineda, habl\u00f3 sobre el entusiasmo y la emoci\u00f3n que hay en la feligres\u00eda zuliana para acompa\u00f1ar a Jes\u00fas de la Misericordia en este d\u00eda: \u201cen representaci\u00f3n del gobernador Manuel Rosales, muy contenta, feliz, porque la Gobernaci\u00f3n del estado Zulia siempre esta apoyando estos eventos, este tipo de actividades, esta gran fiesta de la misericordia que re\u00fane a miles de personas, por supuesto con mucha fe y devoci\u00f3n\u201d.<\/p>\n\n\n\n<p>Pineda asegur\u00f3 que la Gobernaci\u00f3n del Zulia desplegar\u00e1 un \u201cPlan Operativo\u201d integrado por distintas secretar\u00edas que ofrecer\u00e1n el apoyo necesario para este d\u00eda. \u201cTendremos un plan para todos los zulianos, un plan que incluir\u00e1 10 puntos de hidrataci\u00f3n, salud y seguridad para cualquier eventualidad que se pueda presentar\u201d.<\/p>\n\n\n\n<p><strong>PLAN DE SEGURIDAD Y SALUD<\/strong><br>Inform\u00f3 que contar\u00e1n con m\u00e1s de 850 funcionarios desplegados divididos entre gobierno nacional, regional y municipal. A su vez, 60 patrullas, 105 motos y 7 ambulancias y unidades de rescates.<\/p>\n\n\n\n<p>Por otro lado, en el \u00e1rea de salud, indic\u00f3 que habr\u00e1n disponibles cl\u00ednicas m\u00f3viles, puntos integrales, y, adem\u00e1s, hospitales de atenci\u00f3n como el Hospital Chiquinquir\u00e1 y el Hospital Central para garantizar el bienestar y la salud de todos los zulianos.<br><strong><em>ET \/ Nota de Prensa<\/em><\/strong><\/p>\n\n\n\n<p><\/p>\n","protected":false},"excerpt":{"rendered":"<p>ENTRE TORMENTAS. Como es tradici\u00f3n, cada segundo domingo de pascua, se celebra el D\u00eda de&#8230;<\/p>\n","protected":false},"author":2,"featured_media":15710,"comment_status":"closed","ping_status":"open","sticky":false,"template":"","format":"standard","meta":{"footnotes":""},"categories":[1],"tags":[],"class_list":["post-15709","post","type-post","status-publish","format-standard","has-post-thumbnail","hentry","category-regionales"],"_links":{"self":[{"href":"https:\/\/entretormentas.com\/index.php?rest_route=\/wp\/v2\/posts\/15709","targetHints":{"allow":["GET"]}}],"collection":[{"href":"https:\/\/entretormentas.com\/index.php?rest_route=\/wp\/v2\/posts"}],"about":[{"href":"https:\/\/entretormentas.com\/index.php?rest_route=\/wp\/v2\/types\/post"}],"author":[{"embeddable":true,"href":"https:\/\/entretormentas.com\/index.php?rest_route=\/wp\/v2\/users\/2"}],"replies":[{"embeddable":true,"href":"https:\/\/entretormentas.com\/index.php?rest_route=%2Fwp%2Fv2%2Fcomments&post=15709"}],"version-history":[{"count":1,"href":"https:\/\/entretormentas.com\/index.php?rest_route=\/wp\/v2\/posts\/15709\/revisions"}],"predecessor-version":[{"id":15712,"href":"https:\/\/entretormentas.com\/index.php?rest_route=\/wp\/v2\/posts\/15709\/revisions\/15712"}],"wp:featuredmedia":[{"embeddable":true,"href":"https:\/\/entretormentas.com\/index.php?rest_route=\/wp\/v2\/media\/15710"}],"wp:attachment":[{"href":"https:\/\/entretormentas.com\/index.php?rest_route=%2Fwp%2Fv2%2Fmedia&parent=15709"}],"wp:term":[{"taxonomy":"category","embeddable":true,"href":"https:\/\/entretormentas.com\/index.php?rest_route=%2Fwp%2Fv2%2Fcategories&post=15709"},{"taxonomy":"post_tag","embeddable":true,"href":"https:\/\/entretormentas.com\/index.php?rest_route=%2Fwp%2Fv2%2Ftags&post=15709"}],"curies":[{"name":"wp","href":"https:\/\/api.w.org\/{rel}","templated":true}]}}