{"id":15714,"date":"2025-04-24T09:09:35","date_gmt":"2025-04-24T07:09:35","guid":{"rendered":"https:\/\/entretormentas.com\/?p=15714"},"modified":"2025-04-24T09:09:36","modified_gmt":"2025-04-24T07:09:36","slug":"en-san-francisco-imasur-mantuvo-activo-servicio-de-recoleccion-domiciliaria-durante-semana-santa","status":"publish","type":"post","link":"https:\/\/entretormentas.com\/en-san-francisco-imasur-mantuvo-activo-servicio-de-recoleccion-domiciliaria-durante-semana-santa\/","title":{"rendered":"\u00a1EN SAN FRANCISCO! Imasur mantuvo activo servicio de recolecci\u00f3n domiciliaria durante Semana Santa"},"content":{"rendered":"\n<p><strong>ENTRE TORMENTAS.<\/strong> En el municipio San Francisco, el servicio de recolecci\u00f3n de desechos s\u00f3lidos se mantuvo activo por parte del Instituto P\u00fablico Municipal de Ambiente y Aseo Urbano (Imasur) en un esfuerzo del alcalde Gustavo Fernandez, por mantener un entorno m\u00e1s limpio y armonioso para propios y visitantes, durante la Semana Mayor.<\/p>\n\n\n\n<p>Desde el inicio del asueto, Imasur realiz\u00f3 operativos especiales en vertederos<br>improvisados entre los puntos abordados se recolect\u00f3:<\/p>\n\n\n\n<ul class=\"wp-block-list\">\n<li>300 toneladas. Sector Castillete (parroquia Marcial Hern\u00e1ndez).<\/li>\n\n\n\n<li>200 toneladas. Sector Ciudad El Sol (parroquia San Francisco).<\/li>\n\n\n\n<li>400 toneladas. Sector Matusa, antiguo vivero de La Polar (parroquia San Francisco) para un total de 900 toneladas, en estos d\u00edas de advocaci\u00f3n cristiana, que representan la muerte y resurrecci\u00f3n de Jesucristo.<\/li>\n<\/ul>\n\n\n\n<figure class=\"wp-block-image size-full\"><img fetchpriority=\"high\" decoding=\"async\" width=\"1000\" height=\"748\" src=\"https:\/\/entretormentas.com\/wp-content\/uploads\/2025\/04\/image-404.png\" alt=\"\" class=\"wp-image-15716\" srcset=\"https:\/\/entretormentas.com\/wp-content\/uploads\/2025\/04\/image-404.png 1000w, https:\/\/entretormentas.com\/wp-content\/uploads\/2025\/04\/image-404-300x224.png 300w, https:\/\/entretormentas.com\/wp-content\/uploads\/2025\/04\/image-404-768x574.png 768w\" sizes=\"(max-width: 1000px) 100vw, 1000px\" \/><\/figure>\n\n\n\n<p>\u201cPara estos trabajos se movilizaron camiones volqueta, volteo, retroexcavadora y cuadrillas de barrido manual, despejando de basura \u00e9stas importantes v\u00edas, que obstaculizaban la libre circulaci\u00f3n vehicular y peatonal\u201d, as\u00ed lo inform\u00f3 Javier Solano, director de Aseo Urbano y Domiciliario del ayuntamiento sure\u00f1o.<\/p>\n\n\n\n<p>Agreg\u00f3 Solano que \u00e9stas acciones se suman a la recolecci\u00f3n domiciliaria regular, que se realiza de manera programada en los sectores de cada parroquia, as\u00ed como tambi\u00e9n en los centros educativos asentados en el municipio.<\/p>\n\n\n\n<p>La prioridad del alcalde Gustavo Fern\u00e1ndez, durante el 2025 es mantener un San Francisco limpio, a trav\u00e9s de la implementaci\u00f3n de planes estrat\u00e9gicos que buscan sanear, recuperar y humanizar espacios, en beneficio del colectivo sanfranciscano.<br><strong>ET \/ Alcald\u00eda de San Francisco<\/strong><\/p>\n","protected":false},"excerpt":{"rendered":"<p>ENTRE TORMENTAS. En el municipio San Francisco, el servicio de recolecci\u00f3n de desechos s\u00f3lidos se&#8230;<\/p>\n","protected":false},"author":2,"featured_media":15715,"comment_status":"closed","ping_status":"open","sticky":false,"template":"","format":"standard","meta":{"footnotes":""},"categories":[1],"tags":[],"class_list":["post-15714","post","type-post","status-publish","format-standard","has-post-thumbnail","hentry","category-regionales"],"_links":{"self":[{"href":"https:\/\/entretormentas.com\/index.php?rest_route=\/wp\/v2\/posts\/15714","targetHints":{"allow":["GET"]}}],"collection":[{"href":"https:\/\/entretormentas.com\/index.php?rest_route=\/wp\/v2\/posts"}],"about":[{"href":"https:\/\/entretormentas.com\/index.php?rest_route=\/wp\/v2\/types\/post"}],"author":[{"embeddable":true,"href":"https:\/\/entretormentas.com\/index.php?rest_route=\/wp\/v2\/users\/2"}],"replies":[{"embeddable":true,"href":"https:\/\/entretormentas.com\/index.php?rest_route=%2Fwp%2Fv2%2Fcomments&post=15714"}],"version-history":[{"count":1,"href":"https:\/\/entretormentas.com\/index.php?rest_route=\/wp\/v2\/posts\/15714\/revisions"}],"predecessor-version":[{"id":15717,"href":"https:\/\/entretormentas.com\/index.php?rest_route=\/wp\/v2\/posts\/15714\/revisions\/15717"}],"wp:featuredmedia":[{"embeddable":true,"href":"https:\/\/entretormentas.com\/index.php?rest_route=\/wp\/v2\/media\/15715"}],"wp:attachment":[{"href":"https:\/\/entretormentas.com\/index.php?rest_route=%2Fwp%2Fv2%2Fmedia&parent=15714"}],"wp:term":[{"taxonomy":"category","embeddable":true,"href":"https:\/\/entretormentas.com\/index.php?rest_route=%2Fwp%2Fv2%2Fcategories&post=15714"},{"taxonomy":"post_tag","embeddable":true,"href":"https:\/\/entretormentas.com\/index.php?rest_route=%2Fwp%2Fv2%2Ftags&post=15714"}],"curies":[{"name":"wp","href":"https:\/\/api.w.org\/{rel}","templated":true}]}}