{"id":15726,"date":"2025-04-24T09:18:43","date_gmt":"2025-04-24T07:18:43","guid":{"rendered":"https:\/\/entretormentas.com\/?p=15726"},"modified":"2025-04-24T09:18:43","modified_gmt":"2025-04-24T07:18:43","slug":"canadas-sin-incidencia-normalidad-en-maracaibo-tras-lluvias-de-la-madrugada","status":"publish","type":"post","link":"https:\/\/entretormentas.com\/canadas-sin-incidencia-normalidad-en-maracaibo-tras-lluvias-de-la-madrugada\/","title":{"rendered":"\u00a1CA\u00d1ADAS SIN INCIDENCIA! Normalidad en Maracaibo tras lluvias de la madrugada"},"content":{"rendered":"\n<p><strong>ENTRE TORMENTAS. <\/strong>Las lluvias ca\u00eddas en Maracaibo, este 23 de abril desde las 3:30 de la madrugada fueron de leves a moderadas, y en algunos sectores con tendencia a fuerte, se mantendr\u00e1n hasta horas del mediod\u00eda, seg\u00fan pron\u00f3stico de Protecci\u00f3n Civil y Administraci\u00f3n de Desastre del municipio Maracaibo.<\/p>\n\n\n\n<p>Marcos Acevedo, director de PC-Maracaibo, inform\u00f3 que hasta las 9:30 de la ma\u00f1ana no existen reporte de novedades de riesgo en la ciudad y que la acumulaci\u00f3n de agua es de 20 litros por metro cuadrado. Indic\u00f3 que en varios sectores se gener\u00f3 la p\u00e9rdida del fluido el\u00e9ctrico.<\/p>\n\n\n\n<p>\u00abEn municipios vecinos como San Francisco y la Ca\u00f1ada de Urdaneta tambi\u00e9n persiste clima lluvioso para la ma\u00f1ana de hoy. Se esperan lluvias de moderadas a leves en el transcurso de la ma\u00f1ana hasta despu\u00e9s del mediod\u00eda\u00bb, precis\u00f3 el funcionario.<\/p>\n\n\n\n<figure class=\"wp-block-image size-large\"><img fetchpriority=\"high\" decoding=\"async\" width=\"1024\" height=\"574\" src=\"https:\/\/entretormentas.com\/wp-content\/uploads\/2025\/04\/image-410-1024x574.png\" alt=\"\" class=\"wp-image-15728\" srcset=\"https:\/\/entretormentas.com\/wp-content\/uploads\/2025\/04\/image-410-1024x574.png 1024w, https:\/\/entretormentas.com\/wp-content\/uploads\/2025\/04\/image-410-300x168.png 300w, https:\/\/entretormentas.com\/wp-content\/uploads\/2025\/04\/image-410-768x431.png 768w, https:\/\/entretormentas.com\/wp-content\/uploads\/2025\/04\/image-410.png 1280w\" sizes=\"(max-width: 1024px) 100vw, 1024px\" \/><\/figure>\n\n\n\n<p>Por su parte, Norberto Perozo, presidente del Instituto Municipal de Ambiente (IMA), destac\u00f3 que la normalidad en la circulaci\u00f3n del agua en los cauces naturales.<\/p>\n\n\n\n<p>Mencion\u00f3 que, en la ca\u00f1ada Caribe, el Caj\u00f3n de la Veja, de la parroquia Idelfonso V\u00e1squez; la ca\u00f1ada Buena Vista, de Cacique Mara y la ca\u00f1ada F\u00e9nix, de la parroquia Venancio Pulgar, no se produjeron desbordamientos.<\/p>\n\n\n\n<p>\u201cHemos hecho monitoreo constante de las ca\u00f1adas por estas lluvias. Maracaibo cuenta con 12 ca\u00f1adas principales y 96 ramales. En este 2025 el IMA hemos intervenido algunas de las ca\u00f1adas tanto manuales como con maquinaria. Hasta los momentos no se han reportado ning\u00fan incidente\u201d, destac\u00f3 Perozo.<\/p>\n\n\n\n<p>Adelant\u00f3 que seg\u00fan programaci\u00f3n de limpieza se abordar\u00e1n en los pr\u00f3ximos d\u00edas la ca\u00f1ada Caribe, Caj\u00f3n de la vega, y la Ca\u00f1ada Morillo, en el tramo Makro con Padilla, con el objetivo de brindarle m\u00e1s tranquilidad a los marabinos ante la llegada de las lluvias.<br><strong><em>ET \/ DCI Alcald\u00eda de Maracaibo<\/em><\/strong><\/p>\n\n\n\n<p><\/p>\n","protected":false},"excerpt":{"rendered":"<p>ENTRE TORMENTAS. Las lluvias ca\u00eddas en Maracaibo, este 23 de abril desde las 3:30 de&#8230;<\/p>\n","protected":false},"author":2,"featured_media":15727,"comment_status":"closed","ping_status":"open","sticky":false,"template":"","format":"standard","meta":{"footnotes":""},"categories":[1],"tags":[],"class_list":["post-15726","post","type-post","status-publish","format-standard","has-post-thumbnail","hentry","category-regionales"],"_links":{"self":[{"href":"https:\/\/entretormentas.com\/index.php?rest_route=\/wp\/v2\/posts\/15726","targetHints":{"allow":["GET"]}}],"collection":[{"href":"https:\/\/entretormentas.com\/index.php?rest_route=\/wp\/v2\/posts"}],"about":[{"href":"https:\/\/entretormentas.com\/index.php?rest_route=\/wp\/v2\/types\/post"}],"author":[{"embeddable":true,"href":"https:\/\/entretormentas.com\/index.php?rest_route=\/wp\/v2\/users\/2"}],"replies":[{"embeddable":true,"href":"https:\/\/entretormentas.com\/index.php?rest_route=%2Fwp%2Fv2%2Fcomments&post=15726"}],"version-history":[{"count":1,"href":"https:\/\/entretormentas.com\/index.php?rest_route=\/wp\/v2\/posts\/15726\/revisions"}],"predecessor-version":[{"id":15729,"href":"https:\/\/entretormentas.com\/index.php?rest_route=\/wp\/v2\/posts\/15726\/revisions\/15729"}],"wp:featuredmedia":[{"embeddable":true,"href":"https:\/\/entretormentas.com\/index.php?rest_route=\/wp\/v2\/media\/15727"}],"wp:attachment":[{"href":"https:\/\/entretormentas.com\/index.php?rest_route=%2Fwp%2Fv2%2Fmedia&parent=15726"}],"wp:term":[{"taxonomy":"category","embeddable":true,"href":"https:\/\/entretormentas.com\/index.php?rest_route=%2Fwp%2Fv2%2Fcategories&post=15726"},{"taxonomy":"post_tag","embeddable":true,"href":"https:\/\/entretormentas.com\/index.php?rest_route=%2Fwp%2Fv2%2Ftags&post=15726"}],"curies":[{"name":"wp","href":"https:\/\/api.w.org\/{rel}","templated":true}]}}