{"id":15739,"date":"2025-04-24T09:29:07","date_gmt":"2025-04-24T07:29:07","guid":{"rendered":"https:\/\/entretormentas.com\/?p=15739"},"modified":"2025-04-24T09:29:08","modified_gmt":"2025-04-24T07:29:08","slug":"jesus-medina-presidente-del-mas-rosales-seguira-transformando-al-zulia-y-construyendo-el-cambio","status":"publish","type":"post","link":"https:\/\/entretormentas.com\/jesus-medina-presidente-del-mas-rosales-seguira-transformando-al-zulia-y-construyendo-el-cambio\/","title":{"rendered":"JES\u00daS MEDINA, PRESIDENTE DEL MAS: \u00abRosales seguir\u00e1 transformando al Zulia y construyendo el cambio\u00bb"},"content":{"rendered":"\n<p><strong>ENTRE TORMENTAS.<\/strong> El voto de los zulianos har\u00e1 un aporte sumamente significativo para el rescate de la Asamblea Nacional por parte de los factores democr\u00e1ticos del pa\u00eds, para junto a Manuel Rosales, continuar transformando a la regi\u00f3n y construyendo el cambio del pa\u00eds, asegur\u00f3 Jes\u00fas Medina, presidente del Movimiento al Socialismo en el Zulia.<\/p>\n\n\n\n<p>Durante su participaci\u00f3n en el programa En Todo y Algo M\u00e1s por LUZ Radio FM, el tambi\u00e9n subsecretario nacional de MAS indic\u00f3, que el Zulia es el estado con mayor densidad demogr\u00e1fica y por ende con la superior suma de votantes, por lo que est\u00e1 seguro que una vez m\u00e1s los zulianos escoger\u00e1n a Manuel Rosales como gobernador y una mayor\u00eda sustancial de los representantes tanto en la Asamblea Nacional como al Consejo Legislativo del Estado.<\/p>\n\n\n\n<figure class=\"wp-block-image size-large\"><img fetchpriority=\"high\" decoding=\"async\" width=\"1024\" height=\"576\" src=\"https:\/\/entretormentas.com\/wp-content\/uploads\/2025\/04\/image-417-1024x576.png\" alt=\"\" class=\"wp-image-15741\" srcset=\"https:\/\/entretormentas.com\/wp-content\/uploads\/2025\/04\/image-417-1024x576.png 1024w, https:\/\/entretormentas.com\/wp-content\/uploads\/2025\/04\/image-417-300x169.png 300w, https:\/\/entretormentas.com\/wp-content\/uploads\/2025\/04\/image-417-768x432.png 768w, https:\/\/entretormentas.com\/wp-content\/uploads\/2025\/04\/image-417-1536x864.png 1536w, https:\/\/entretormentas.com\/wp-content\/uploads\/2025\/04\/image-417.png 1600w\" sizes=\"(max-width: 1024px) 100vw, 1024px\" \/><\/figure>\n\n\n\n<p>Jes\u00fas Medina, quien es candidato al Consejo Legislativo del Zulia, manifest\u00f3 que la regi\u00f3n requiere avanzar y consolidar el excelente trabajo de recuperaci\u00f3n que viene haciendo el gobernador Manuel Rosales, para reconstruir nuestro estado y lograr los cambios que requiere el pa\u00eds, de manera democr\u00e1tica, constitucional y pac\u00edfica.<\/p>\n\n\n\n<p>El dirigente del MAS expres\u00f3 que Manuel Rosales cuenta con el respaldo de valiosos ciudadanos provenientes de todos los factores democr\u00e1ticos como partidos pol\u00edticos, gremios profesionales, laborales, vecinales y de la sociedad civil, para que el pr\u00f3ximo 25 de mayo con una mayor\u00eda abrumadora se consolide la victoria, que permitir\u00e1 seguir transformando los 21 municipios zulianos y avanzar en el cambio democr\u00e1tico que aspiramos los venezolanos.<\/p>\n\n\n\n<p>Medina se comprometi\u00f3 a trabajar y exigir al poder central, desde el Consejo Legislativo del Estado Zulia, Clez, la soluci\u00f3n de los constantes cortes el\u00e9ctricos y escasez de agua que padecemos desde hace mucho tiempo, cuya \u00fanica responsabilidad es de quienes han maltratado, abandonado y enga\u00f1ado a los zulianos.<br><strong><em>ET \/ Nota de Prensa<\/em><\/strong><\/p>\n","protected":false},"excerpt":{"rendered":"<p>ENTRE TORMENTAS. El voto de los zulianos har\u00e1 un aporte sumamente significativo para el rescate&#8230;<\/p>\n","protected":false},"author":2,"featured_media":15740,"comment_status":"closed","ping_status":"open","sticky":false,"template":"","format":"standard","meta":{"footnotes":""},"categories":[57,1],"tags":[],"class_list":["post-15739","post","type-post","status-publish","format-standard","has-post-thumbnail","hentry","category-actualidad","category-regionales"],"_links":{"self":[{"href":"https:\/\/entretormentas.com\/index.php?rest_route=\/wp\/v2\/posts\/15739","targetHints":{"allow":["GET"]}}],"collection":[{"href":"https:\/\/entretormentas.com\/index.php?rest_route=\/wp\/v2\/posts"}],"about":[{"href":"https:\/\/entretormentas.com\/index.php?rest_route=\/wp\/v2\/types\/post"}],"author":[{"embeddable":true,"href":"https:\/\/entretormentas.com\/index.php?rest_route=\/wp\/v2\/users\/2"}],"replies":[{"embeddable":true,"href":"https:\/\/entretormentas.com\/index.php?rest_route=%2Fwp%2Fv2%2Fcomments&post=15739"}],"version-history":[{"count":1,"href":"https:\/\/entretormentas.com\/index.php?rest_route=\/wp\/v2\/posts\/15739\/revisions"}],"predecessor-version":[{"id":15742,"href":"https:\/\/entretormentas.com\/index.php?rest_route=\/wp\/v2\/posts\/15739\/revisions\/15742"}],"wp:featuredmedia":[{"embeddable":true,"href":"https:\/\/entretormentas.com\/index.php?rest_route=\/wp\/v2\/media\/15740"}],"wp:attachment":[{"href":"https:\/\/entretormentas.com\/index.php?rest_route=%2Fwp%2Fv2%2Fmedia&parent=15739"}],"wp:term":[{"taxonomy":"category","embeddable":true,"href":"https:\/\/entretormentas.com\/index.php?rest_route=%2Fwp%2Fv2%2Fcategories&post=15739"},{"taxonomy":"post_tag","embeddable":true,"href":"https:\/\/entretormentas.com\/index.php?rest_route=%2Fwp%2Fv2%2Ftags&post=15739"}],"curies":[{"name":"wp","href":"https:\/\/api.w.org\/{rel}","templated":true}]}}