{"id":15743,"date":"2025-04-24T09:32:48","date_gmt":"2025-04-24T07:32:48","guid":{"rendered":"https:\/\/entretormentas.com\/?p=15743"},"modified":"2025-04-24T09:32:49","modified_gmt":"2025-04-24T07:32:49","slug":"afinando-estrategias-ely-ramon-atencio-se-reune-con-candidatos-y-jefes-de-los-partidos-que-lo-respaldan","status":"publish","type":"post","link":"https:\/\/entretormentas.com\/afinando-estrategias-ely-ramon-atencio-se-reune-con-candidatos-y-jefes-de-los-partidos-que-lo-respaldan\/","title":{"rendered":"\u00a1AFINANDO ESTRATEGIAS! Ely Ram\u00f3n Atencio se re\u00fane con candidatos y jefes de los partidos que lo respaldan"},"content":{"rendered":"\n<p><strong>ENTRE TORMENTAS. <\/strong>En un ambiente de unidad y esperanza, Ely Ram\u00f3n Atencio, alcalde de Rosario de Perij\u00e1 y candidato a Gobernador del estado Zulia, encabez\u00f3 una reuni\u00f3n estrat\u00e9gica con los candidatos, delegados y jefes de los partidos que lo respaldan.<\/p>\n\n\n\n<p>Este encuentro tuvo lugar en el Hotel Gran Delicias, donde se trazaron las l\u00edneas de acci\u00f3n para la constituci\u00f3n de encargados por municipios y parroquias, de cara a las pr\u00f3ximas elecciones del 25 de mayo.<\/p>\n\n\n\n<p>La reuni\u00f3n comenz\u00f3 con un emotivo discurso de Ely Ram\u00f3n Atencio, quien destac\u00f3 la importancia de la organizaci\u00f3n y el trabajo en equipo para lograr la victoria en los pr\u00f3ximos comicios. \u00abEstamos en un momento decisivo\u00bb, afirm\u00f3. \u00abLa participaci\u00f3n activa de cada uno de ustedes es fundamental. Juntos, forjaremos un futuro brillante para nuestro Estado\u00bb.<\/p>\n\n\n\n<p>Durante el encuentro, se planificaron diversas actividades que permitir\u00e1n fortalecer la presencia del candidato y los partidos, en cada rinc\u00f3n del Zulia. Se enfatiz\u00f3 la necesidad de escuchar las inquietudes y de llevar un mensaje claro de cambio y renovaci\u00f3n.<\/p>\n\n\n\n<figure class=\"wp-block-image size-full\"><img fetchpriority=\"high\" decoding=\"async\" width=\"720\" height=\"598\" src=\"https:\/\/entretormentas.com\/wp-content\/uploads\/2025\/04\/image-418.png\" alt=\"\" class=\"wp-image-15744\" srcset=\"https:\/\/entretormentas.com\/wp-content\/uploads\/2025\/04\/image-418.png 720w, https:\/\/entretormentas.com\/wp-content\/uploads\/2025\/04\/image-418-300x249.png 300w\" sizes=\"(max-width: 720px) 100vw, 720px\" \/><\/figure>\n\n\n\n<p>Los Delegados de la campa\u00f1a electoral, expresaron su compromiso \u00abinquebrantable con la causa\u00bb, reafirmando que la victoria de Atencio no solo es una aspiraci\u00f3n, sino una realidad que se construye d\u00eda a d\u00eda con esfuerzo y dedicaci\u00f3n. \u00abEl triunfo ser\u00e1 el resultado de un trabajo arduo y coordinado\u00bb, enfatiz\u00f3 uno de los jefes de partido presente.<\/p>\n\n\n\n<p>La reuni\u00f3n concluy\u00f3 con un llamado a la acci\u00f3n, donde Ely Ram\u00f3n inst\u00f3 a todos los presentes a redoblar esfuerzos y a mantener viva la llama de la esperanza. \u00abNuestra victoria no es solo un objetivo, es una promesa a nuestra gente. Juntos, haremos historia\u00bb, concluy\u00f3.<\/p>\n\n\n\n<p>Con este esp\u00edritu de colaboraci\u00f3n y determinaci\u00f3n, Ely Ram\u00f3n Atencio se prepara para enfrentar los retos venideros, convencido junto a todo su equipo, de que \u00abla victoria en las pr\u00f3ximas elecciones es no solo posible, sino inevitable\u00bb.<br><strong><em>ET \/ Nota de Prensa<\/em><\/strong><\/p>\n\n\n\n<p><\/p>\n","protected":false},"excerpt":{"rendered":"<p>ENTRE TORMENTAS. En un ambiente de unidad y esperanza, Ely Ram\u00f3n Atencio, alcalde de Rosario&#8230;<\/p>\n","protected":false},"author":2,"featured_media":15745,"comment_status":"closed","ping_status":"open","sticky":false,"template":"","format":"standard","meta":{"footnotes":""},"categories":[57,1],"tags":[],"class_list":["post-15743","post","type-post","status-publish","format-standard","has-post-thumbnail","hentry","category-actualidad","category-regionales"],"_links":{"self":[{"href":"https:\/\/entretormentas.com\/index.php?rest_route=\/wp\/v2\/posts\/15743","targetHints":{"allow":["GET"]}}],"collection":[{"href":"https:\/\/entretormentas.com\/index.php?rest_route=\/wp\/v2\/posts"}],"about":[{"href":"https:\/\/entretormentas.com\/index.php?rest_route=\/wp\/v2\/types\/post"}],"author":[{"embeddable":true,"href":"https:\/\/entretormentas.com\/index.php?rest_route=\/wp\/v2\/users\/2"}],"replies":[{"embeddable":true,"href":"https:\/\/entretormentas.com\/index.php?rest_route=%2Fwp%2Fv2%2Fcomments&post=15743"}],"version-history":[{"count":1,"href":"https:\/\/entretormentas.com\/index.php?rest_route=\/wp\/v2\/posts\/15743\/revisions"}],"predecessor-version":[{"id":15747,"href":"https:\/\/entretormentas.com\/index.php?rest_route=\/wp\/v2\/posts\/15743\/revisions\/15747"}],"wp:featuredmedia":[{"embeddable":true,"href":"https:\/\/entretormentas.com\/index.php?rest_route=\/wp\/v2\/media\/15745"}],"wp:attachment":[{"href":"https:\/\/entretormentas.com\/index.php?rest_route=%2Fwp%2Fv2%2Fmedia&parent=15743"}],"wp:term":[{"taxonomy":"category","embeddable":true,"href":"https:\/\/entretormentas.com\/index.php?rest_route=%2Fwp%2Fv2%2Fcategories&post=15743"},{"taxonomy":"post_tag","embeddable":true,"href":"https:\/\/entretormentas.com\/index.php?rest_route=%2Fwp%2Fv2%2Ftags&post=15743"}],"curies":[{"name":"wp","href":"https:\/\/api.w.org\/{rel}","templated":true}]}}