{"id":15757,"date":"2025-04-24T10:20:03","date_gmt":"2025-04-24T08:20:03","guid":{"rendered":"https:\/\/entretormentas.com\/?p=15757"},"modified":"2025-04-24T10:20:04","modified_gmt":"2025-04-24T08:20:04","slug":"el-funeral-es-el-sabado-feretro-del-papa-francisco-ya-esta-en-la-basilica-de-san-pedro","status":"publish","type":"post","link":"https:\/\/entretormentas.com\/el-funeral-es-el-sabado-feretro-del-papa-francisco-ya-esta-en-la-basilica-de-san-pedro\/","title":{"rendered":"\u00a1EL FUNERAL ES EL S\u00c1BADO! F\u00e9retro del Papa Francisco ya est\u00e1 en la Bas\u00edlica de San Pedro"},"content":{"rendered":"\n<p><strong>ENTRE TORMENTAS. <\/strong>La procesi\u00f3n recorri\u00f3 la plaza de Santa Marta y la plaza de los Protomartires Romanos.<br>El f\u00e9retro abierto del Papa Francisco, llevado en procesi\u00f3n a hombros por los \u2018sediarios\u2019 pontificios y escoltado por la Guardia Suiza, lleg\u00f3 a la bas\u00edlica de San Pedro y fue colocado ante el Altar de la Confesi\u00f3n antes de que los fieles puedan darle el \u00faltimo adi\u00f3s.<\/p>\n\n\n\n<p>La ceremonia del traslado del f\u00e9retro del Papa Francisco, que falleci\u00f3 este lunes a los 88 a\u00f1os, de la capilla de Santa Marta, comenz\u00f3 a las 9.00 hora local (7.00 GMT) desde la que fue su residencia, a la bas\u00edlica de San Pedro.<\/p>\n\n\n\n<p>La procesi\u00f3n recorri\u00f3 la plaza de Santa Marta y la plaza de los Protomartires Romanos y atraves\u00f3 el Arco de las Campanas hasta salir a la plaza de San Pedro y entr\u00f3 en la Bas\u00edlica Vaticana por la puerta central.<\/p>\n\n\n\n<p>El f\u00e9retro estaba precedido por los cardenales presentes en Roma, mientras que cerraban la procesi\u00f3n las personas que m\u00e1s cerca estuvieron del Pont\u00edfice, sus secretarios y sus asistentes.<\/p>\n\n\n\n<p>El f\u00e9retro fue colocado frente a la tumba de San Pedro y enfrente del imponente baldaquino de Bernini.<\/p>\n\n\n\n<p>Las im\u00e1genes del Vaticano mostraron la capilla de Santa Marta, donde Francisco ha sido velado en las \u00faltimas horas, con los cardenales presentes en Roma sentados en los bancos en espera de que comenzara la procesi\u00f3n a la bas\u00edlica vaticana.<\/p>\n\n\n\n<p><strong>OBISPOS DE LA IGLESIA<\/strong><br>El cardenal camarlengo, Kevin Joseph Farrell, esparci\u00f3 agua bendita sobre el f\u00e9retro con los restos mortales y despu\u00e9s ley\u00f3: \u00abCon gran conmoci\u00f3n acompa\u00f1amos los restos de nuestro querido Papa Francisco desde esta capilla a la bas\u00edlica vaticana, donde ha ejercido su ministerio como obispo de la iglesia de Roma y ap\u00f3stol de la iglesia universal\u00bb.<\/p>\n\n\n\n<p>Mientras, cientos de medios llegados de todo el mundo captan este momento desde el \u2018Braccio di Carlomagno\u2019, la terraza sobre la columnata de San Pedro y los fieles esperan congregados junto a la plaza poder darle el \u00faltimo adi\u00f3s a partir de las 11.00 hora local (9.00 GMT).<\/p>\n\n\n\n<p>En el interior de la bas\u00edlica se fueron colocando los obispos y cardenales, as\u00ed como tambi\u00e9n el personal del Vaticano para escuchar la liturgia de la Palabra que celebrar\u00e1 el cardenal camarlengo.<br><strong><em>ET \/ EFE<\/em><\/strong><\/p>\n\n\n\n<p><\/p>\n","protected":false},"excerpt":{"rendered":"<p>ENTRE TORMENTAS. La procesi\u00f3n recorri\u00f3 la plaza de Santa Marta y la plaza de los&#8230;<\/p>\n","protected":false},"author":2,"featured_media":15758,"comment_status":"closed","ping_status":"open","sticky":false,"template":"","format":"standard","meta":{"footnotes":""},"categories":[56,48],"tags":[],"class_list":["post-15757","post","type-post","status-publish","format-standard","has-post-thumbnail","hentry","category-destacadas","category-internacionales"],"_links":{"self":[{"href":"https:\/\/entretormentas.com\/index.php?rest_route=\/wp\/v2\/posts\/15757","targetHints":{"allow":["GET"]}}],"collection":[{"href":"https:\/\/entretormentas.com\/index.php?rest_route=\/wp\/v2\/posts"}],"about":[{"href":"https:\/\/entretormentas.com\/index.php?rest_route=\/wp\/v2\/types\/post"}],"author":[{"embeddable":true,"href":"https:\/\/entretormentas.com\/index.php?rest_route=\/wp\/v2\/users\/2"}],"replies":[{"embeddable":true,"href":"https:\/\/entretormentas.com\/index.php?rest_route=%2Fwp%2Fv2%2Fcomments&post=15757"}],"version-history":[{"count":1,"href":"https:\/\/entretormentas.com\/index.php?rest_route=\/wp\/v2\/posts\/15757\/revisions"}],"predecessor-version":[{"id":15759,"href":"https:\/\/entretormentas.com\/index.php?rest_route=\/wp\/v2\/posts\/15757\/revisions\/15759"}],"wp:featuredmedia":[{"embeddable":true,"href":"https:\/\/entretormentas.com\/index.php?rest_route=\/wp\/v2\/media\/15758"}],"wp:attachment":[{"href":"https:\/\/entretormentas.com\/index.php?rest_route=%2Fwp%2Fv2%2Fmedia&parent=15757"}],"wp:term":[{"taxonomy":"category","embeddable":true,"href":"https:\/\/entretormentas.com\/index.php?rest_route=%2Fwp%2Fv2%2Fcategories&post=15757"},{"taxonomy":"post_tag","embeddable":true,"href":"https:\/\/entretormentas.com\/index.php?rest_route=%2Fwp%2Fv2%2Ftags&post=15757"}],"curies":[{"name":"wp","href":"https:\/\/api.w.org\/{rel}","templated":true}]}}