{"id":15760,"date":"2025-04-24T10:23:08","date_gmt":"2025-04-24T08:23:08","guid":{"rendered":"https:\/\/entretormentas.com\/?p=15760"},"modified":"2025-04-24T10:23:10","modified_gmt":"2025-04-24T08:23:10","slug":"prevencion-alertan-sobre-circulacion-de-fiebre-amarilla-en-zonas-fronterizas-con-venezuela","status":"publish","type":"post","link":"https:\/\/entretormentas.com\/prevencion-alertan-sobre-circulacion-de-fiebre-amarilla-en-zonas-fronterizas-con-venezuela\/","title":{"rendered":"\u00a1PREVENCI\u00d3N! Alertan sobre circulaci\u00f3n de fiebre amarilla en zonas fronterizas con Venezuela"},"content":{"rendered":"\n<p><strong>ENTRE TORMENTAS. <\/strong>El gobierno de Colombia declar\u00f3 estado de emergencia sanitaria tras la circulaci\u00f3n de fiebre amarilla, registrando 79 casos de infecci\u00f3n desde 2024 hasta las \u00faltimas semanas de este a\u00f1o y que ha generado una alta tasa de letalidad generando una alerta internacional.<\/p>\n\n\n\n<p>De acuerdo a un informe de la Organizaci\u00f3n Panamericana de la salud (PAHO) los focos selv\u00e1ticos registrados para el a\u00f1o 2021 en Venezuela se asociaban a \u00ab la circulaci\u00f3n viral en pa\u00edses fronterizos, principalmente en Brasil y Colombia\u00bb.<\/p>\n\n\n\n<p>La infect\u00f3loga e internista, integrante de la Sociedad Venezolana de Infectolog\u00eda, Patricia Valenzuela, insta a estar precavidos antes esta circulaci\u00f3n, sobre todo la vigilancia epidemiol\u00f3gica en las fronteras terrestres.<\/p>\n\n\n\n<p>Esto a que, seg\u00fan explica la infect\u00f3loga varios de los casos registrados en Colombia se ubican al sur de este pa\u00eds; en cuanto a Brasil, se ubican al norte. Siendo estas dos regiones las m\u00e1s cercana a Venezuela, esto pudiera generar la propagaci\u00f3n.<\/p>\n\n\n\n<p>Adem\u00e1s, afirm\u00f3 que la estrategia principal para prevenir la infecci\u00f3n viral hemorr\u00e1gica es la vacunaci\u00f3n. \u00abDe hecho, una vez que las personas reciben la vacuna a los 10 d\u00edas aproximadamente ya tienen inmunidad. Es decir, niveles de los anticuerpos neutralizantes que se desarrollan por la misma que alcanza casi un 90% y, a los 30 d\u00edas de recibir la vacuna contra la fiebre amarilla, ya se alcanza el 99% de inmunidad. En definitiva, es el pilar fundamental para la prevenci\u00f3n de esta infecci\u00f3n\u00bb.<\/p>\n\n\n\n<p>Adem\u00e1s, agrega que lo ideal es alcanzar o superar el 95% de la cobertura de vacunaci\u00f3n. Por lo que hace un llamado a la poblaci\u00f3n venezolana para que verifiquen su tarjeta de vacunaci\u00f3n y que visiten los centros de salud, asegurando que hay disponibilidad de la vacuna.<\/p>\n\n\n\n<figure class=\"wp-block-image size-full\"><img fetchpriority=\"high\" decoding=\"async\" width=\"677\" height=\"373\" src=\"https:\/\/entretormentas.com\/wp-content\/uploads\/2025\/04\/image-427.png\" alt=\"\" class=\"wp-image-15761\" srcset=\"https:\/\/entretormentas.com\/wp-content\/uploads\/2025\/04\/image-427.png 677w, https:\/\/entretormentas.com\/wp-content\/uploads\/2025\/04\/image-427-300x165.png 300w\" sizes=\"(max-width: 677px) 100vw, 677px\" \/><\/figure>\n\n\n\n<p>Esto como medida preventiva debido a que el informe del Fondo de las Naciones Unidas para la Infancia (UNICEF), indica que la cobertura de vacunaci\u00f3n contra la fiebre amarilla en Venezuela se ubica por debajo del 80%.<\/p>\n\n\n\n<p>En cuanto a los s\u00edntomas, Valenzuela informa que se manifiestan a los tres o cuatro d\u00edas del contagio, siendo similares al dengue. Tras la infecci\u00f3n la persona puede recuperarse, iniciando la fase de remensi\u00f3n, etapa en la que el contagiado debe estar atento, debido a que puede haber una reca\u00edda, iniciando con la fase t\u00f3xica. \u00abLa tasa de letalidad de aquellas personas que llegan a esta fase t\u00f3xica es cerca del 50% al 60%\u00ab, agreg\u00f3.<\/p>\n\n\n\n<p>\u00abEl rango de vacunaci\u00f3n que recomienda la Organizaci\u00f3n Mundial de la Salud es desde los 12 meses hasta los 59 a\u00f1os. Cuando hay brotes, se puede iniciar la vacunaci\u00f3n apartir los 9 meses de edad. Lo que ciertamente, en m\u00e1s peque\u00f1os, en los ni\u00f1os, no est\u00e1 recomendado\u00bb.<\/p>\n\n\n\n<p>Asimismo, asegur\u00f3 que no es necesario dos dosis de vacunaci\u00f3n. \u00abSe ha demostrado que los niveles en sangre de los anticuerpos neutralizantes desarrollados por la vacuna se mantienen y duran toda la vida\u00bb, finaliz\u00f3.<br><strong><em>ET \/ Uni\u00f3n Radio<\/em><\/strong><\/p>\n\n\n\n<p><\/p>\n","protected":false},"excerpt":{"rendered":"<p>ENTRE TORMENTAS. El gobierno de Colombia declar\u00f3 estado de emergencia sanitaria tras la circulaci\u00f3n de&#8230;<\/p>\n","protected":false},"author":2,"featured_media":15762,"comment_status":"closed","ping_status":"open","sticky":false,"template":"","format":"standard","meta":{"footnotes":""},"categories":[56,49],"tags":[],"class_list":["post-15760","post","type-post","status-publish","format-standard","has-post-thumbnail","hentry","category-destacadas","category-nacionales"],"_links":{"self":[{"href":"https:\/\/entretormentas.com\/index.php?rest_route=\/wp\/v2\/posts\/15760","targetHints":{"allow":["GET"]}}],"collection":[{"href":"https:\/\/entretormentas.com\/index.php?rest_route=\/wp\/v2\/posts"}],"about":[{"href":"https:\/\/entretormentas.com\/index.php?rest_route=\/wp\/v2\/types\/post"}],"author":[{"embeddable":true,"href":"https:\/\/entretormentas.com\/index.php?rest_route=\/wp\/v2\/users\/2"}],"replies":[{"embeddable":true,"href":"https:\/\/entretormentas.com\/index.php?rest_route=%2Fwp%2Fv2%2Fcomments&post=15760"}],"version-history":[{"count":1,"href":"https:\/\/entretormentas.com\/index.php?rest_route=\/wp\/v2\/posts\/15760\/revisions"}],"predecessor-version":[{"id":15763,"href":"https:\/\/entretormentas.com\/index.php?rest_route=\/wp\/v2\/posts\/15760\/revisions\/15763"}],"wp:featuredmedia":[{"embeddable":true,"href":"https:\/\/entretormentas.com\/index.php?rest_route=\/wp\/v2\/media\/15762"}],"wp:attachment":[{"href":"https:\/\/entretormentas.com\/index.php?rest_route=%2Fwp%2Fv2%2Fmedia&parent=15760"}],"wp:term":[{"taxonomy":"category","embeddable":true,"href":"https:\/\/entretormentas.com\/index.php?rest_route=%2Fwp%2Fv2%2Fcategories&post=15760"},{"taxonomy":"post_tag","embeddable":true,"href":"https:\/\/entretormentas.com\/index.php?rest_route=%2Fwp%2Fv2%2Ftags&post=15760"}],"curies":[{"name":"wp","href":"https:\/\/api.w.org\/{rel}","templated":true}]}}