{"id":15779,"date":"2025-04-25T10:23:14","date_gmt":"2025-04-25T08:23:14","guid":{"rendered":"https:\/\/entretormentas.com\/?p=15779"},"modified":"2025-04-25T10:23:15","modified_gmt":"2025-04-25T08:23:15","slug":"partido-hay-venezuela-el-zulia-es-un-bastion-que-no-vamos-a-perder-con-manuel-rosales","status":"publish","type":"post","link":"https:\/\/entretormentas.com\/partido-hay-venezuela-el-zulia-es-un-bastion-que-no-vamos-a-perder-con-manuel-rosales\/","title":{"rendered":"PARTIDO \u00abHAY VENEZUELA\u00bb: \u00abEl Zulia es un basti\u00f3n que no vamos a perder con Manuel Rosales\u00bb"},"content":{"rendered":"\n<p><br><strong>ENTRE TORMENTAS.<\/strong> \u200eYadira Vera, secretaria general del partido pol\u00edtico \u00abHay Fuerza Venezuela\u00bb, form\u00f3 parte de la constituci\u00f3n del voluntariado Unidos por el Zulia y en\u00a0nombre de su organizaci\u00f3n expres\u00f3, que el actual gobernador del estado Manuel Rosales Guerrero, cuenta con todo el apoyo de esta militancia para su reelecci\u00f3n en los comicios electorales programados para el pr\u00f3ximo 25 de mayo.<\/p>\n\n\n\n<p><br>\u200e\u00bbHoy demostramos al Zulia y a Venezuela que contamos con la voluntad de no perder el estado y que lo vamos a defender en todo momento, los zulianos a trav\u00e9s del voto mantendremos este basti\u00f3n que ganamos en las elecciones pasadas y no estamos en disposici\u00f3n de perderlo\u00bb, resalt\u00f3 Vera.<br>\u200e<br>\u200eAdem\u00e1s, la representante de Henri Falc\u00f3n el en Zulia afirm\u00f3, que para su tolda pol\u00edtica Manuel Rosales es la \u00fanica y mejor opci\u00f3n para el bienestar de los zulianos, e hizo un llamado a toda la ciudadan\u00eda a utilizar el voto como la herramienta para consolidar una gesti\u00f3n que habla con hechos y no con palabras.<br>\u200e<br>\u200e\u00bbNo podemos bajar los brazos, tenemos que salir a votar, est\u00e1 es la v\u00eda que nos ha dado resultado y nos ha permitido contrarrestar las arbitrariedades a trav\u00e9s de la participaci\u00f3n pol\u00edtica y las voces que nosotros representamos\u00bb, apunt\u00f3 la dirigente regional de Hay Fuerza Venezuela.<br><strong><em>\u200eET \/ Nota de Prensa<\/em><\/strong><\/p>\n\n\n\n<p><\/p>\n","protected":false},"excerpt":{"rendered":"<p>ENTRE TORMENTAS. \u200eYadira Vera, secretaria general del partido pol\u00edtico \u00abHay Fuerza Venezuela\u00bb, form\u00f3 parte de&#8230;<\/p>\n","protected":false},"author":2,"featured_media":15780,"comment_status":"closed","ping_status":"open","sticky":false,"template":"","format":"standard","meta":{"footnotes":""},"categories":[57,1],"tags":[],"class_list":["post-15779","post","type-post","status-publish","format-standard","has-post-thumbnail","hentry","category-actualidad","category-regionales"],"_links":{"self":[{"href":"https:\/\/entretormentas.com\/index.php?rest_route=\/wp\/v2\/posts\/15779","targetHints":{"allow":["GET"]}}],"collection":[{"href":"https:\/\/entretormentas.com\/index.php?rest_route=\/wp\/v2\/posts"}],"about":[{"href":"https:\/\/entretormentas.com\/index.php?rest_route=\/wp\/v2\/types\/post"}],"author":[{"embeddable":true,"href":"https:\/\/entretormentas.com\/index.php?rest_route=\/wp\/v2\/users\/2"}],"replies":[{"embeddable":true,"href":"https:\/\/entretormentas.com\/index.php?rest_route=%2Fwp%2Fv2%2Fcomments&post=15779"}],"version-history":[{"count":1,"href":"https:\/\/entretormentas.com\/index.php?rest_route=\/wp\/v2\/posts\/15779\/revisions"}],"predecessor-version":[{"id":15781,"href":"https:\/\/entretormentas.com\/index.php?rest_route=\/wp\/v2\/posts\/15779\/revisions\/15781"}],"wp:featuredmedia":[{"embeddable":true,"href":"https:\/\/entretormentas.com\/index.php?rest_route=\/wp\/v2\/media\/15780"}],"wp:attachment":[{"href":"https:\/\/entretormentas.com\/index.php?rest_route=%2Fwp%2Fv2%2Fmedia&parent=15779"}],"wp:term":[{"taxonomy":"category","embeddable":true,"href":"https:\/\/entretormentas.com\/index.php?rest_route=%2Fwp%2Fv2%2Fcategories&post=15779"},{"taxonomy":"post_tag","embeddable":true,"href":"https:\/\/entretormentas.com\/index.php?rest_route=%2Fwp%2Fv2%2Ftags&post=15779"}],"curies":[{"name":"wp","href":"https:\/\/api.w.org\/{rel}","templated":true}]}}