{"id":15790,"date":"2025-04-25T10:31:10","date_gmt":"2025-04-25T08:31:10","guid":{"rendered":"https:\/\/entretormentas.com\/?p=15790"},"modified":"2025-04-25T10:31:11","modified_gmt":"2025-04-25T08:31:11","slug":"prorroga-saime-extiende-jornada-de-renovacion-de-cedulas-sin-cita-hasta-el-17-de-mayo","status":"publish","type":"post","link":"https:\/\/entretormentas.com\/prorroga-saime-extiende-jornada-de-renovacion-de-cedulas-sin-cita-hasta-el-17-de-mayo\/","title":{"rendered":"\u00a1PR\u00d3RROGA! Saime extiende jornada de renovaci\u00f3n de c\u00e9dulas sin cita hasta el 17 de mayo"},"content":{"rendered":"\n<p><strong>ENTRE TORMENTAS. <\/strong>El Servicio Administrativo de Identificaci\u00f3n, Migraci\u00f3n y Extranjer\u00eda (Saime) extendi\u00f3 las jornada de renovaci\u00f3n de c\u00e9dula sin cita los d\u00edas viernes y s\u00e1bados hasta el pr\u00f3ximo 17 de mayo.<\/p>\n\n\n\n<p>A trav\u00e9s de sus redes sociales, el ente identificador record\u00f3 que este operativo se realiza en todas las oficinas del territorio nacional y est\u00e1 dirigido para mayores de 18 a\u00f1os.<\/p>\n\n\n\n<p>De acuerdo a la publicaci\u00f3n del Saime la extensi\u00f3n de las jornadas se debe a la gran afluencia de ciudadanos que desean actualizar su documento de identidad.<br><strong><em>ET \/ Agencias<\/em><\/strong><\/p>\n","protected":false},"excerpt":{"rendered":"<p>ENTRE TORMENTAS. El Servicio Administrativo de Identificaci\u00f3n, Migraci\u00f3n y Extranjer\u00eda (Saime) extendi\u00f3 las jornada de&#8230;<\/p>\n","protected":false},"author":2,"featured_media":15791,"comment_status":"closed","ping_status":"open","sticky":false,"template":"","format":"standard","meta":{"footnotes":""},"categories":[56,49],"tags":[],"class_list":["post-15790","post","type-post","status-publish","format-standard","has-post-thumbnail","hentry","category-destacadas","category-nacionales"],"_links":{"self":[{"href":"https:\/\/entretormentas.com\/index.php?rest_route=\/wp\/v2\/posts\/15790","targetHints":{"allow":["GET"]}}],"collection":[{"href":"https:\/\/entretormentas.com\/index.php?rest_route=\/wp\/v2\/posts"}],"about":[{"href":"https:\/\/entretormentas.com\/index.php?rest_route=\/wp\/v2\/types\/post"}],"author":[{"embeddable":true,"href":"https:\/\/entretormentas.com\/index.php?rest_route=\/wp\/v2\/users\/2"}],"replies":[{"embeddable":true,"href":"https:\/\/entretormentas.com\/index.php?rest_route=%2Fwp%2Fv2%2Fcomments&post=15790"}],"version-history":[{"count":1,"href":"https:\/\/entretormentas.com\/index.php?rest_route=\/wp\/v2\/posts\/15790\/revisions"}],"predecessor-version":[{"id":15792,"href":"https:\/\/entretormentas.com\/index.php?rest_route=\/wp\/v2\/posts\/15790\/revisions\/15792"}],"wp:featuredmedia":[{"embeddable":true,"href":"https:\/\/entretormentas.com\/index.php?rest_route=\/wp\/v2\/media\/15791"}],"wp:attachment":[{"href":"https:\/\/entretormentas.com\/index.php?rest_route=%2Fwp%2Fv2%2Fmedia&parent=15790"}],"wp:term":[{"taxonomy":"category","embeddable":true,"href":"https:\/\/entretormentas.com\/index.php?rest_route=%2Fwp%2Fv2%2Fcategories&post=15790"},{"taxonomy":"post_tag","embeddable":true,"href":"https:\/\/entretormentas.com\/index.php?rest_route=%2Fwp%2Fv2%2Ftags&post=15790"}],"curies":[{"name":"wp","href":"https:\/\/api.w.org\/{rel}","templated":true}]}}