{"id":15793,"date":"2025-04-25T10:33:22","date_gmt":"2025-04-25T08:33:22","guid":{"rendered":"https:\/\/entretormentas.com\/?p=15793"},"modified":"2025-04-25T10:33:23","modified_gmt":"2025-04-25T08:33:23","slug":"afirma-que-hay-que-participar-y-luchar-capriles-confirma-su-candidatura-a-diputado-para-este-25-may","status":"publish","type":"post","link":"https:\/\/entretormentas.com\/afirma-que-hay-que-participar-y-luchar-capriles-confirma-su-candidatura-a-diputado-para-este-25-may\/","title":{"rendered":"\u00a1AFIRMA QUE HAY QUE PARTICIPAR Y LUCHAR! Capriles confirma su candidatura a diputado para este 25-May"},"content":{"rendered":"\n<p><strong>ENTRE TORMENTAS.<\/strong> El opositor, Henrique Capriles, confirm\u00f3 este jueves el levantamiento de la inhabilitaci\u00f3n pol\u00edtica que manten\u00eda la Contralor\u00eda General en su contra, impuesta en 2017 por un lapso de 15 a\u00f1os, as\u00ed como su candidatura a diputado nacional para las elecciones legislativas y regionales, previstas para el pr\u00f3ximo 25 de mayo.<\/p>\n\n\n\n<p>\u00abDespu\u00e9s de ochos ba\u00f1os inhabilitado se levanta esa orden pol\u00edtica. Quien puede dar respuesta de las razones por las cuales se me habilita es quien da la orden de habilitar. Para m\u00ed fue bastante sorpresivo el hecho de ser habilitado\u00bb, se\u00f1al\u00f3 el dos veces candidato presidencial en un encuentro virtual con medios internacionales.<\/p>\n\n\n\n<p>\u00abAhora, la decisi\u00f3n de participar no tiene nada que ver con estar habilitado o haber seguido inhabilitado, es decir, aunque se hubiera mantenido mi inhabilitaci\u00f3n, yo hubiera seguido en la misma l\u00ednea de participar y de luchar\u00bb, insisti\u00f3.<\/p>\n\n\n\n<p>\u00abYo creo que aqu\u00ed hay que ponerse al frente, no pasar agachado, no jugar c\u00f3modamente, no quedarse de brazos cruzados, no quedarse en la casa, tocar ir al frente y por eso yo asum\u00ed la participaci\u00f3n, no solo el ejercicio del voto\u00bb, explic\u00f3.<br><strong><em>ET \/ Agencias<\/em><\/strong><\/p>\n","protected":false},"excerpt":{"rendered":"<p>ENTRE TORMENTAS. El opositor, Henrique Capriles, confirm\u00f3 este jueves el levantamiento de la inhabilitaci\u00f3n pol\u00edtica&#8230;<\/p>\n","protected":false},"author":2,"featured_media":15794,"comment_status":"closed","ping_status":"open","sticky":false,"template":"","format":"standard","meta":{"footnotes":""},"categories":[56,49],"tags":[],"class_list":["post-15793","post","type-post","status-publish","format-standard","has-post-thumbnail","hentry","category-destacadas","category-nacionales"],"_links":{"self":[{"href":"https:\/\/entretormentas.com\/index.php?rest_route=\/wp\/v2\/posts\/15793","targetHints":{"allow":["GET"]}}],"collection":[{"href":"https:\/\/entretormentas.com\/index.php?rest_route=\/wp\/v2\/posts"}],"about":[{"href":"https:\/\/entretormentas.com\/index.php?rest_route=\/wp\/v2\/types\/post"}],"author":[{"embeddable":true,"href":"https:\/\/entretormentas.com\/index.php?rest_route=\/wp\/v2\/users\/2"}],"replies":[{"embeddable":true,"href":"https:\/\/entretormentas.com\/index.php?rest_route=%2Fwp%2Fv2%2Fcomments&post=15793"}],"version-history":[{"count":1,"href":"https:\/\/entretormentas.com\/index.php?rest_route=\/wp\/v2\/posts\/15793\/revisions"}],"predecessor-version":[{"id":15795,"href":"https:\/\/entretormentas.com\/index.php?rest_route=\/wp\/v2\/posts\/15793\/revisions\/15795"}],"wp:featuredmedia":[{"embeddable":true,"href":"https:\/\/entretormentas.com\/index.php?rest_route=\/wp\/v2\/media\/15794"}],"wp:attachment":[{"href":"https:\/\/entretormentas.com\/index.php?rest_route=%2Fwp%2Fv2%2Fmedia&parent=15793"}],"wp:term":[{"taxonomy":"category","embeddable":true,"href":"https:\/\/entretormentas.com\/index.php?rest_route=%2Fwp%2Fv2%2Fcategories&post=15793"},{"taxonomy":"post_tag","embeddable":true,"href":"https:\/\/entretormentas.com\/index.php?rest_route=%2Fwp%2Fv2%2Ftags&post=15793"}],"curies":[{"name":"wp","href":"https:\/\/api.w.org\/{rel}","templated":true}]}}