{"id":15796,"date":"2025-04-25T10:36:11","date_gmt":"2025-04-25T08:36:11","guid":{"rendered":"https:\/\/entretormentas.com\/?p=15796"},"modified":"2025-04-25T10:36:12","modified_gmt":"2025-04-25T08:36:12","slug":"representante-nacional-cardenal-porras-rinde-homenaje-ante-el-feretro-del-papa-francisco","status":"publish","type":"post","link":"https:\/\/entretormentas.com\/representante-nacional-cardenal-porras-rinde-homenaje-ante-el-feretro-del-papa-francisco\/","title":{"rendered":"\u00a1REPRESENTANTE NACIONAL! Cardenal Porras rinde homenaje ante el f\u00e9retro del papa Francisco"},"content":{"rendered":"\n<p><strong>ENTRE TORMENTAS. <\/strong>El cardenal Baltazar Porras, rindi\u00f3 la ma\u00f1ana de este jueves homenaje ante el f\u00e9retro del papa Francisco durante las exequias que se realizan en El Vaticano.<\/p>\n\n\n\n<p>\u00abEstamos por entrar a la Bas\u00edlica de San Pedro con un grupo de sacerdotes venezolanos para orar en agradecimiento ante la tumba de ese querido Papa Francisco. Solo en el recorrido que he hecho, unos 400 metros desde la Casa Generalicia de los Padres Jesuitas hasta ac\u00e1. He visto infinidad de personas. Son r\u00edos humanos, pero no solo de cat\u00f3licos, sino de gente de todas las religiones, me encontr\u00e9 con un musulm\u00e1n. Por ejemplo, que me dijo: Yo siento que ese llamado a la fraternidad y a que somos todos hijos de Dios es lo que me ha tra\u00eddo, como musulm\u00e1n practicante, a venir a las exequias del Papa Francisco\u00bb, expres\u00f3 en un mensaje enviado a Uni\u00f3n Radio.<\/p>\n\n\n\n<figure class=\"wp-block-image size-full\"><img fetchpriority=\"high\" decoding=\"async\" width=\"674\" height=\"377\" src=\"https:\/\/entretormentas.com\/wp-content\/uploads\/2025\/04\/image-446.png\" alt=\"\" class=\"wp-image-15798\" srcset=\"https:\/\/entretormentas.com\/wp-content\/uploads\/2025\/04\/image-446.png 674w, https:\/\/entretormentas.com\/wp-content\/uploads\/2025\/04\/image-446-300x168.png 300w\" sizes=\"(max-width: 674px) 100vw, 674px\" \/><\/figure>\n\n\n\n<p><strong>MENSAJE DESDE EL VATICANO<\/strong><br>Porras resalt\u00f3 que el papa fue hombre querido por el mundo entero, \u00absu legado que permanezca, como \u00e9l mismo lo pidi\u00f3. Esto es un proceso que exige la conversi\u00f3n del coraz\u00f3n para unirnos todos. Y nosotros, como venezolanos, tenemos una deuda muy grande con el Papa, que nos quiso tanto, que estuvo tan preocupado de todo y que nos dio ese regalo en sus \u00faltimas semanas de vida: d\u00e1ndonos a los dos primeros santos, a nuestro querido doctor Jos\u00e9 Gregorio Hern\u00e1ndez y a la madre Carmen Rendiles. A lo largo de este a\u00f1o jubilar, seguramente recibir\u00e1n esa canonizaci\u00f3n de parte de su sucesor\u00bb.<\/p>\n\n\n\n<p>El Cardenal pidi\u00f3 mantener la oraci\u00f3n para que la luz del Esp\u00edritu Santo que ilumine el Colegio Cardenalicio en el Conclave, \u00abpara que la elecci\u00f3n del pr\u00f3ximo Papa sea tambi\u00e9n un hombre abierto al mundo entero, a este mundo en cambio, con una actitud nuestra de iglesia en salida, siguiendo en el esp\u00edritu de Jes\u00fas\u00bb.<br><strong><em>ET \/ Uni\u00f3n Radio<\/em><\/strong><\/p>\n","protected":false},"excerpt":{"rendered":"<p>ENTRE TORMENTAS. El cardenal Baltazar Porras, rindi\u00f3 la ma\u00f1ana de este jueves homenaje ante el&#8230;<\/p>\n","protected":false},"author":2,"featured_media":15797,"comment_status":"closed","ping_status":"open","sticky":false,"template":"","format":"standard","meta":{"footnotes":""},"categories":[56,48],"tags":[],"class_list":["post-15796","post","type-post","status-publish","format-standard","has-post-thumbnail","hentry","category-destacadas","category-internacionales"],"_links":{"self":[{"href":"https:\/\/entretormentas.com\/index.php?rest_route=\/wp\/v2\/posts\/15796","targetHints":{"allow":["GET"]}}],"collection":[{"href":"https:\/\/entretormentas.com\/index.php?rest_route=\/wp\/v2\/posts"}],"about":[{"href":"https:\/\/entretormentas.com\/index.php?rest_route=\/wp\/v2\/types\/post"}],"author":[{"embeddable":true,"href":"https:\/\/entretormentas.com\/index.php?rest_route=\/wp\/v2\/users\/2"}],"replies":[{"embeddable":true,"href":"https:\/\/entretormentas.com\/index.php?rest_route=%2Fwp%2Fv2%2Fcomments&post=15796"}],"version-history":[{"count":1,"href":"https:\/\/entretormentas.com\/index.php?rest_route=\/wp\/v2\/posts\/15796\/revisions"}],"predecessor-version":[{"id":15799,"href":"https:\/\/entretormentas.com\/index.php?rest_route=\/wp\/v2\/posts\/15796\/revisions\/15799"}],"wp:featuredmedia":[{"embeddable":true,"href":"https:\/\/entretormentas.com\/index.php?rest_route=\/wp\/v2\/media\/15797"}],"wp:attachment":[{"href":"https:\/\/entretormentas.com\/index.php?rest_route=%2Fwp%2Fv2%2Fmedia&parent=15796"}],"wp:term":[{"taxonomy":"category","embeddable":true,"href":"https:\/\/entretormentas.com\/index.php?rest_route=%2Fwp%2Fv2%2Fcategories&post=15796"},{"taxonomy":"post_tag","embeddable":true,"href":"https:\/\/entretormentas.com\/index.php?rest_route=%2Fwp%2Fv2%2Ftags&post=15796"}],"curies":[{"name":"wp","href":"https:\/\/api.w.org\/{rel}","templated":true}]}}