{"id":15811,"date":"2025-04-28T20:28:57","date_gmt":"2025-04-28T18:28:57","guid":{"rendered":"https:\/\/entretormentas.com\/?p=15811"},"modified":"2025-04-28T20:28:57","modified_gmt":"2025-04-28T18:28:57","slug":"tradicion-religiosa-maracaibo-desbordada-de-fe-en-la-gran-fiesta-de-la-misericordia","status":"publish","type":"post","link":"https:\/\/entretormentas.com\/tradicion-religiosa-maracaibo-desbordada-de-fe-en-la-gran-fiesta-de-la-misericordia\/","title":{"rendered":"\u00a1TRADICI\u00d3N RELIGIOSA! Maracaibo desbordada de fe en la Gran Fiesta de la Misericordia"},"content":{"rendered":"\n<p><strong>ENTRE TORMENTAS.<\/strong> La marea blanca inund\u00f3 Bella Vista una vez m\u00e1s, este a\u00f1o en a vig\u00e9sima octava Fiesta de la Misericordia se celebr\u00f3 bajo el lema \u201cHe escrito tu nombre en mi mano, est\u00e1 grabado como una herida profunda en mi coraz\u00f3n\u201d un extracto tomado y adaptado del Diario de Santa Sor Faustina Kowalska, Ap\u00f3stol de la Divina Misericordia.<\/p>\n\n\n\n<p>El evento inici\u00f3 a la 3.00 de la tarde con la Hora Santa realizada en la iglesia La Consolaci\u00f3n, desde donde los creyentes siguieron la imagen en procesi\u00f3n por la avenida 4 Bella Vista, pasando por la calle 77 y finalmente la doble v\u00eda hasta el sector Grano de Oro. Es aqu\u00ed donde a las 6.30 inici\u00f3 la eucarist\u00eda, presidida por monse\u00f1or Ubaldo Santana, arzobispo em\u00e9rito de la Arquidi\u00f3cesis de Maracaibo.<\/p>\n\n\n\n<figure class=\"wp-block-image size-large\"><img fetchpriority=\"high\" decoding=\"async\" width=\"1024\" height=\"682\" src=\"https:\/\/entretormentas.com\/wp-content\/uploads\/2025\/04\/image-452-1024x682.png\" alt=\"\" class=\"wp-image-15813\" srcset=\"https:\/\/entretormentas.com\/wp-content\/uploads\/2025\/04\/image-452-1024x682.png 1024w, https:\/\/entretormentas.com\/wp-content\/uploads\/2025\/04\/image-452-300x200.png 300w, https:\/\/entretormentas.com\/wp-content\/uploads\/2025\/04\/image-452-768x512.png 768w, https:\/\/entretormentas.com\/wp-content\/uploads\/2025\/04\/image-452.png 1280w\" sizes=\"(max-width: 1024px) 100vw, 1024px\" \/><\/figure>\n\n\n\n<p>El alcalde encargado de Maracaibo, Adri\u00e1n Romero Martinez, realiz\u00f3 el recorrido acompa\u00f1ado de su esposa M\u00f3nica Parra de Romero; la primera dama del municipio, Vanessa Linares de Ram\u00edrez, y Malena Soto, directora de Cultura.<\/p>\n\n\n\n<p>\u201cCon mucha fe, alegr\u00eda y devoci\u00f3n los unimos a la Fiesta de la Misericordia, pidi\u00e9ndole a Jes\u00fas que nos cuide, nos proteja y que sane a tantos enfermos que necesitan de la oraci\u00f3n. Hoy es para compartir en familia, compartir con la gente en esta gran caminata celebrando un a\u00f1o m\u00e1s de fe y de esperanza para Maracaibo\u201d.<\/p>\n\n\n\n<figure class=\"wp-block-image size-large\"><img decoding=\"async\" width=\"1024\" height=\"576\" src=\"https:\/\/entretormentas.com\/wp-content\/uploads\/2025\/04\/image-453-1024x576.png\" alt=\"\" class=\"wp-image-15814\" srcset=\"https:\/\/entretormentas.com\/wp-content\/uploads\/2025\/04\/image-453-1024x576.png 1024w, https:\/\/entretormentas.com\/wp-content\/uploads\/2025\/04\/image-453-300x169.png 300w, https:\/\/entretormentas.com\/wp-content\/uploads\/2025\/04\/image-453-768x432.png 768w, https:\/\/entretormentas.com\/wp-content\/uploads\/2025\/04\/image-453.png 1280w\" sizes=\"(max-width: 1024px) 100vw, 1024px\" \/><\/figure>\n\n\n\n<p>Una novedad que marc\u00f3 la Caminata fue la incorporaci\u00f3n de cinco reliquias de primer grado pertenecientes a los santos Faustina Kowalska, Juan Pablo II, Carlo Acutis y los venezolanos Jos\u00e9 Gregorio Hern\u00e1ndez y Carmen Rendiles, que acompa\u00f1aron a la imagen durante el recorrido.<\/p>\n\n\n\n<p>El mismo se realiz\u00f3 en el marco del Jubileo de la Esperanza 2025, anunciado por el Papa Francisco y que se celebra cada 25 a\u00f1os. El tema principal del jubileo es \u00abPeregrinos de Esperanza\u00bb y busca promover la reconciliaci\u00f3n, la conversi\u00f3n y la renovaci\u00f3n espiritual, invitando a los fieles a reencontrarse con Dios.<\/p>\n\n\n\n<p><strong>PAGANDO PROMESA<\/strong><br>Alejandra Castillo, Ejecutivo de Ventas de 45 a\u00f1os y residente de la urbanizaci\u00f3n La California fue junto a su familia a esperar a la imagen y expres\u00f3 que en sus oraciones pide abundancia de amor, salud y felicidad para sus seres queridos y para toda Venezuela.<\/p>\n\n\n\n<figure class=\"wp-block-image size-large\"><img decoding=\"async\" width=\"1024\" height=\"575\" src=\"https:\/\/entretormentas.com\/wp-content\/uploads\/2025\/04\/image-454-1024x575.png\" alt=\"\" class=\"wp-image-15815\" srcset=\"https:\/\/entretormentas.com\/wp-content\/uploads\/2025\/04\/image-454-1024x575.png 1024w, https:\/\/entretormentas.com\/wp-content\/uploads\/2025\/04\/image-454-300x169.png 300w, https:\/\/entretormentas.com\/wp-content\/uploads\/2025\/04\/image-454-768x431.png 768w, https:\/\/entretormentas.com\/wp-content\/uploads\/2025\/04\/image-454.png 1280w\" sizes=\"(max-width: 1024px) 100vw, 1024px\" \/><\/figure>\n\n\n\n<p>\u00abQue est\u00e1 declaraci\u00f3n de fe y misericordia que Maracaibo celebrada hoy se multiplique y se extienda cada d\u00eda de cada a\u00f1o\u201d, indic\u00f3 Castillo.<\/p>\n\n\n\n<p>Por su parte, Amable Nieto, de 76 a\u00f1os, expres\u00f3 que desde hace m\u00e1s de 20 a\u00f1os comparte con su familia la experiencia de la Fiesta de la Misericordia, repartiendo agua, escapularios y estampitas.<\/p>\n\n\n\n<p>\u201cPero este a\u00f1o es especialmente importante, hoy tengo una promesa que pagar ya que hace un mes me operaron y gracias a Dios sali\u00f3 todo bien, vengo agradecerle el milagro que obr\u00f3 en m\u00ed\u201d.<br><strong><em>ET \/ DCI Alcald\u00eda de Maracaibo<\/em><\/strong><\/p>\n","protected":false},"excerpt":{"rendered":"<p>ENTRE TORMENTAS. La marea blanca inund\u00f3 Bella Vista una vez m\u00e1s, este a\u00f1o en a&#8230;<\/p>\n","protected":false},"author":2,"featured_media":15812,"comment_status":"closed","ping_status":"open","sticky":false,"template":"","format":"standard","meta":{"footnotes":""},"categories":[57,1],"tags":[],"class_list":["post-15811","post","type-post","status-publish","format-standard","has-post-thumbnail","hentry","category-actualidad","category-regionales"],"_links":{"self":[{"href":"https:\/\/entretormentas.com\/index.php?rest_route=\/wp\/v2\/posts\/15811","targetHints":{"allow":["GET"]}}],"collection":[{"href":"https:\/\/entretormentas.com\/index.php?rest_route=\/wp\/v2\/posts"}],"about":[{"href":"https:\/\/entretormentas.com\/index.php?rest_route=\/wp\/v2\/types\/post"}],"author":[{"embeddable":true,"href":"https:\/\/entretormentas.com\/index.php?rest_route=\/wp\/v2\/users\/2"}],"replies":[{"embeddable":true,"href":"https:\/\/entretormentas.com\/index.php?rest_route=%2Fwp%2Fv2%2Fcomments&post=15811"}],"version-history":[{"count":1,"href":"https:\/\/entretormentas.com\/index.php?rest_route=\/wp\/v2\/posts\/15811\/revisions"}],"predecessor-version":[{"id":15816,"href":"https:\/\/entretormentas.com\/index.php?rest_route=\/wp\/v2\/posts\/15811\/revisions\/15816"}],"wp:featuredmedia":[{"embeddable":true,"href":"https:\/\/entretormentas.com\/index.php?rest_route=\/wp\/v2\/media\/15812"}],"wp:attachment":[{"href":"https:\/\/entretormentas.com\/index.php?rest_route=%2Fwp%2Fv2%2Fmedia&parent=15811"}],"wp:term":[{"taxonomy":"category","embeddable":true,"href":"https:\/\/entretormentas.com\/index.php?rest_route=%2Fwp%2Fv2%2Fcategories&post=15811"},{"taxonomy":"post_tag","embeddable":true,"href":"https:\/\/entretormentas.com\/index.php?rest_route=%2Fwp%2Fv2%2Ftags&post=15811"}],"curies":[{"name":"wp","href":"https:\/\/api.w.org\/{rel}","templated":true}]}}