{"id":15825,"date":"2025-04-28T20:42:24","date_gmt":"2025-04-28T18:42:24","guid":{"rendered":"https:\/\/entretormentas.com\/?p=15825"},"modified":"2025-04-28T20:42:25","modified_gmt":"2025-04-28T18:42:25","slug":"aspirante-a-la-gobernacion-ely-ramon-atencio-se-reune-con-dirigentes-y-pescadores-del-municipio-san-francisco","status":"publish","type":"post","link":"https:\/\/entretormentas.com\/aspirante-a-la-gobernacion-ely-ramon-atencio-se-reune-con-dirigentes-y-pescadores-del-municipio-san-francisco\/","title":{"rendered":"\u00a1ASPIRANTE A LA GOBERNACI\u00d3N! Ely Ram\u00f3n Atencio se re\u00fane con dirigentes y pescadores del municipio San Francisco"},"content":{"rendered":"\n<p><strong>ENTRE TORMENTAS. <\/strong>En el municipio de San Francisco se vivieron dos actividades que acercan cada vez m\u00e1s al inicio de la campa\u00f1a electoral del alcalde de Rosario de Perij\u00e1 y candidato a la Gobernaci\u00f3n del Zulia, Ely Ram\u00f3n Atencio.<\/p>\n\n\n\n<p>En primera instancia visit\u00f3 junto a su equipo de trabajo al Pastor William Ramos, donde recibi\u00f3 el respaldo incondicional de sus aliados del partido DDP. \u00abFue un momento lleno de fe y esperanza, donde compartimos visiones y sue\u00f1os para un futuro mejor, en compa\u00f1\u00eda del alcalde del municipio Santa Rita, Alenis Guerrero, y la alcaldesa del municipio La Ca\u00f1ada de Urdaneta, Nidia \u00abLa Chicha\u00bb Atencio; adem\u00e1s de la energ\u00eda positiva y el apoyo de la comunidad fueron palpables, reafirmando que la bendici\u00f3n de Dios es parte fundamental de nuestra victoria\u00bb, precis\u00f3 Atencio.<\/p>\n\n\n\n<figure class=\"wp-block-image size-full\"><img fetchpriority=\"high\" decoding=\"async\" width=\"720\" height=\"879\" src=\"https:\/\/entretormentas.com\/wp-content\/uploads\/2025\/04\/image-461.png\" alt=\"\" class=\"wp-image-15828\" srcset=\"https:\/\/entretormentas.com\/wp-content\/uploads\/2025\/04\/image-461.png 720w, https:\/\/entretormentas.com\/wp-content\/uploads\/2025\/04\/image-461-246x300.png 246w\" sizes=\"(max-width: 720px) 100vw, 720px\" \/><\/figure>\n\n\n\n<p>Posteriormente, se dirigi\u00f3 al sector El Bajo para encontrarse con los pescadores, quienes reflejaron en sus rostros el esp\u00edritu de lucha y trabajo en equipo. \u00abConversamos, escuchamos sus inquietudes y compartimos risas, creando lazos que fortalecen nuestra misi\u00f3n de ser la opci\u00f3n que une al Zulia\u00bb, recalc\u00f3 el candidato.<\/p>\n\n\n\n<figure class=\"wp-block-image size-full\"><img decoding=\"async\" width=\"720\" height=\"643\" src=\"https:\/\/entretormentas.com\/wp-content\/uploads\/2025\/04\/image-460.png\" alt=\"\" class=\"wp-image-15827\" srcset=\"https:\/\/entretormentas.com\/wp-content\/uploads\/2025\/04\/image-460.png 720w, https:\/\/entretormentas.com\/wp-content\/uploads\/2025\/04\/image-460-300x268.png 300w\" sizes=\"(max-width: 720px) 100vw, 720px\" \/><\/figure>\n\n\n\n<p>Ambas actividades recordaron la importancia del contacto directo con la gente, de estar presentes en cada rinc\u00f3n y de construir un camino hacia el \u00e9xito. \u00abCon la fe en el coraz\u00f3n y el compromiso de todos, estamos listos para enfrentar este nuevo cap\u00edtulo\u00bb, concluy\u00f3 Atencio.<br><strong><em>ET \/ Nota de Prensa<\/em><\/strong><\/p>\n\n\n\n<p><\/p>\n","protected":false},"excerpt":{"rendered":"<p>ENTRE TORMENTAS. En el municipio de San Francisco se vivieron dos actividades que acercan cada&#8230;<\/p>\n","protected":false},"author":2,"featured_media":15826,"comment_status":"closed","ping_status":"open","sticky":false,"template":"","format":"standard","meta":{"footnotes":""},"categories":[57,1],"tags":[],"class_list":["post-15825","post","type-post","status-publish","format-standard","has-post-thumbnail","hentry","category-actualidad","category-regionales"],"_links":{"self":[{"href":"https:\/\/entretormentas.com\/index.php?rest_route=\/wp\/v2\/posts\/15825","targetHints":{"allow":["GET"]}}],"collection":[{"href":"https:\/\/entretormentas.com\/index.php?rest_route=\/wp\/v2\/posts"}],"about":[{"href":"https:\/\/entretormentas.com\/index.php?rest_route=\/wp\/v2\/types\/post"}],"author":[{"embeddable":true,"href":"https:\/\/entretormentas.com\/index.php?rest_route=\/wp\/v2\/users\/2"}],"replies":[{"embeddable":true,"href":"https:\/\/entretormentas.com\/index.php?rest_route=%2Fwp%2Fv2%2Fcomments&post=15825"}],"version-history":[{"count":1,"href":"https:\/\/entretormentas.com\/index.php?rest_route=\/wp\/v2\/posts\/15825\/revisions"}],"predecessor-version":[{"id":15829,"href":"https:\/\/entretormentas.com\/index.php?rest_route=\/wp\/v2\/posts\/15825\/revisions\/15829"}],"wp:featuredmedia":[{"embeddable":true,"href":"https:\/\/entretormentas.com\/index.php?rest_route=\/wp\/v2\/media\/15826"}],"wp:attachment":[{"href":"https:\/\/entretormentas.com\/index.php?rest_route=%2Fwp%2Fv2%2Fmedia&parent=15825"}],"wp:term":[{"taxonomy":"category","embeddable":true,"href":"https:\/\/entretormentas.com\/index.php?rest_route=%2Fwp%2Fv2%2Fcategories&post=15825"},{"taxonomy":"post_tag","embeddable":true,"href":"https:\/\/entretormentas.com\/index.php?rest_route=%2Fwp%2Fv2%2Ftags&post=15825"}],"curies":[{"name":"wp","href":"https:\/\/api.w.org\/{rel}","templated":true}]}}