{"id":15830,"date":"2025-04-28T20:44:43","date_gmt":"2025-04-28T18:44:43","guid":{"rendered":"https:\/\/entretormentas.com\/?p=15830"},"modified":"2025-04-28T20:44:43","modified_gmt":"2025-04-28T18:44:43","slug":"preocupacion-global-registran-apagon-masivo-en-espana-portugal-y-parte-de-francia","status":"publish","type":"post","link":"https:\/\/entretormentas.com\/preocupacion-global-registran-apagon-masivo-en-espana-portugal-y-parte-de-francia\/","title":{"rendered":"\u00a1PREOCUPACI\u00d3N GLOBAL! Registran apag\u00f3n masivo en Espa\u00f1a, Portugal y parte de Francia"},"content":{"rendered":"\n<p><strong>ENTRE TORMENTAS.<\/strong> Este lunes se registr\u00f3 un corte el\u00e9ctrico que afect\u00f3 a la Pen\u00ednsula Ib\u00e9rica, Espa\u00f1a y Portugal, y tambi\u00e9n algunas partes de Francia. De momento se desconoce el origen.<\/p>\n\n\n\n<p>Las autoridades investigan los motivos del apag\u00f3n generalizado registrado alrededor de las 12:40, hora espa\u00f1ola. Seg\u00fan la \u00faltima informaci\u00f3n tanto las islas Canarias como Ceuta y Melilla no tienen problemas el\u00e9ctricos.<\/p>\n\n\n\n<p>El Gabinete de Gobierno se reuni\u00f3 en La Moncloa para hacer un seguimiento y opciones de intervenci\u00f3n en este momento.<\/p>\n\n\n\n<p>Seg\u00fan informaci\u00f3n de \u2018Euronews\u2019 Portugal el corte sorprendi\u00f3 a cientos de pasajeros est\u00e1n atrapados en t\u00faneles en el metro tanto en Lisboa como en Madrid, as\u00ed como en resto de ciudades sin electricidad.<br><strong><em>ET \/ Agencias<\/em><\/strong><\/p>\n","protected":false},"excerpt":{"rendered":"<p>ENTRE TORMENTAS. Este lunes se registr\u00f3 un corte el\u00e9ctrico que afect\u00f3 a la Pen\u00ednsula Ib\u00e9rica,&#8230;<\/p>\n","protected":false},"author":2,"featured_media":15831,"comment_status":"closed","ping_status":"open","sticky":false,"template":"","format":"standard","meta":{"footnotes":""},"categories":[56,48],"tags":[],"class_list":["post-15830","post","type-post","status-publish","format-standard","has-post-thumbnail","hentry","category-destacadas","category-internacionales"],"_links":{"self":[{"href":"https:\/\/entretormentas.com\/index.php?rest_route=\/wp\/v2\/posts\/15830","targetHints":{"allow":["GET"]}}],"collection":[{"href":"https:\/\/entretormentas.com\/index.php?rest_route=\/wp\/v2\/posts"}],"about":[{"href":"https:\/\/entretormentas.com\/index.php?rest_route=\/wp\/v2\/types\/post"}],"author":[{"embeddable":true,"href":"https:\/\/entretormentas.com\/index.php?rest_route=\/wp\/v2\/users\/2"}],"replies":[{"embeddable":true,"href":"https:\/\/entretormentas.com\/index.php?rest_route=%2Fwp%2Fv2%2Fcomments&post=15830"}],"version-history":[{"count":1,"href":"https:\/\/entretormentas.com\/index.php?rest_route=\/wp\/v2\/posts\/15830\/revisions"}],"predecessor-version":[{"id":15832,"href":"https:\/\/entretormentas.com\/index.php?rest_route=\/wp\/v2\/posts\/15830\/revisions\/15832"}],"wp:featuredmedia":[{"embeddable":true,"href":"https:\/\/entretormentas.com\/index.php?rest_route=\/wp\/v2\/media\/15831"}],"wp:attachment":[{"href":"https:\/\/entretormentas.com\/index.php?rest_route=%2Fwp%2Fv2%2Fmedia&parent=15830"}],"wp:term":[{"taxonomy":"category","embeddable":true,"href":"https:\/\/entretormentas.com\/index.php?rest_route=%2Fwp%2Fv2%2Fcategories&post=15830"},{"taxonomy":"post_tag","embeddable":true,"href":"https:\/\/entretormentas.com\/index.php?rest_route=%2Fwp%2Fv2%2Ftags&post=15830"}],"curies":[{"name":"wp","href":"https:\/\/api.w.org\/{rel}","templated":true}]}}