{"id":15833,"date":"2025-04-28T20:47:51","date_gmt":"2025-04-28T18:47:51","guid":{"rendered":"https:\/\/entretormentas.com\/?p=15833"},"modified":"2025-04-28T20:47:52","modified_gmt":"2025-04-28T18:47:52","slug":"anuncio-de-los-cardenales-conclave-para-elegir-al-nuevo-papa-comenzara-el-7-may","status":"publish","type":"post","link":"https:\/\/entretormentas.com\/anuncio-de-los-cardenales-conclave-para-elegir-al-nuevo-papa-comenzara-el-7-may\/","title":{"rendered":"\u00a1ANUNCIO DE LOS CARDENALES! C\u00f3nclave para elegir al nuevo Papa comenzar\u00e1 el 7-May"},"content":{"rendered":"\n<p><strong>ENTRE TORMENTAS. <\/strong>El c\u00f3nclave para elegir al sucesor del papa Francisco comenzar\u00e1 el 7 de mayo, decidieron el lunes los cardenales de la Iglesia cat\u00f3lica en medio de la expectativa que despierta la elecci\u00f3n del nuevo l\u00edder espiritual de mil 400 millones de fieles.<\/p>\n\n\n\n<p>El portavoz del Vaticano inform\u00f3 la fecha, al tiempo que el Museo Vaticano anunci\u00f3 el cierre de la Capilla Sixtina, la majestuosa estancia adornada con los c\u00e9lebres frescos de Miguel \u00c1ngel, situada en el Palacio Apost\u00f3lico, rese\u00f1\u00f3 AFP.<\/p>\n\n\n\n<p>Los cardenales participar\u00e1n el pr\u00f3ximo mi\u00e9rcoles en una misa solemne en la Bas\u00edlica de San Pedro del Vaticano, tras la cual los que tengan derecho a voto -menores de 80 a\u00f1os- pasan a encerrarse para votar en un proceso secreto que puede durar varios d\u00edas.<\/p>\n\n\n\n<p>El primer pont\u00edfice latinoamericano fue enterrado el s\u00e1bado tras un solemne adi\u00f3s en presencia de l\u00edderes internacionales y de 400 mil personas.<\/p>\n\n\n\n<p>Los cardenales fueron convocados a Roma para elegir al nuevo papa. Del total de 135 con derecho a voto \u2013porque tienen menos de 80 a\u00f1os\u2013, 80% fue designado por Francisco. Pero vienen de todas partes del mundo y muchos no se conocen.<br><strong><em>ET \/ Agencia<\/em><\/strong><\/p>\n","protected":false},"excerpt":{"rendered":"<p>ENTRE TORMENTAS. El c\u00f3nclave para elegir al sucesor del papa Francisco comenzar\u00e1 el 7 de&#8230;<\/p>\n","protected":false},"author":2,"featured_media":15834,"comment_status":"closed","ping_status":"open","sticky":false,"template":"","format":"standard","meta":{"footnotes":""},"categories":[56,48],"tags":[],"class_list":["post-15833","post","type-post","status-publish","format-standard","has-post-thumbnail","hentry","category-destacadas","category-internacionales"],"_links":{"self":[{"href":"https:\/\/entretormentas.com\/index.php?rest_route=\/wp\/v2\/posts\/15833","targetHints":{"allow":["GET"]}}],"collection":[{"href":"https:\/\/entretormentas.com\/index.php?rest_route=\/wp\/v2\/posts"}],"about":[{"href":"https:\/\/entretormentas.com\/index.php?rest_route=\/wp\/v2\/types\/post"}],"author":[{"embeddable":true,"href":"https:\/\/entretormentas.com\/index.php?rest_route=\/wp\/v2\/users\/2"}],"replies":[{"embeddable":true,"href":"https:\/\/entretormentas.com\/index.php?rest_route=%2Fwp%2Fv2%2Fcomments&post=15833"}],"version-history":[{"count":1,"href":"https:\/\/entretormentas.com\/index.php?rest_route=\/wp\/v2\/posts\/15833\/revisions"}],"predecessor-version":[{"id":15835,"href":"https:\/\/entretormentas.com\/index.php?rest_route=\/wp\/v2\/posts\/15833\/revisions\/15835"}],"wp:featuredmedia":[{"embeddable":true,"href":"https:\/\/entretormentas.com\/index.php?rest_route=\/wp\/v2\/media\/15834"}],"wp:attachment":[{"href":"https:\/\/entretormentas.com\/index.php?rest_route=%2Fwp%2Fv2%2Fmedia&parent=15833"}],"wp:term":[{"taxonomy":"category","embeddable":true,"href":"https:\/\/entretormentas.com\/index.php?rest_route=%2Fwp%2Fv2%2Fcategories&post=15833"},{"taxonomy":"post_tag","embeddable":true,"href":"https:\/\/entretormentas.com\/index.php?rest_route=%2Fwp%2Fv2%2Ftags&post=15833"}],"curies":[{"name":"wp","href":"https:\/\/api.w.org\/{rel}","templated":true}]}}