{"id":15836,"date":"2025-04-28T20:54:10","date_gmt":"2025-04-28T18:54:10","guid":{"rendered":"https:\/\/entretormentas.com\/?p=15836"},"modified":"2025-04-28T20:54:10","modified_gmt":"2025-04-28T18:54:10","slug":"en-apoyo-a-manuel-rosales-municipio-mara-se-suma-al-voluntariado-unidos-por-el-zulia","status":"publish","type":"post","link":"https:\/\/entretormentas.com\/en-apoyo-a-manuel-rosales-municipio-mara-se-suma-al-voluntariado-unidos-por-el-zulia\/","title":{"rendered":"\u00a1EN APOYO A MANUEL ROSALES! \u200eMunicipio Mara se suma al voluntariado \u00abUnidos por el Zulia\u00bb"},"content":{"rendered":"\n<p><strong>ENTRE TORMENTAS.<\/strong> \u200e\u00bbNo podemos bajar la cabeza, tenemos que proteger y defender al Zulia, no dejaremos que nos quiten un estado donde todav\u00eda existe la democracia y que en los \u00faltimos a\u00f1os ha progresando por la gesti\u00f3n del gobernador Manuel Rosales\u00bb, expres\u00f3 In\u00e9s Ferrer, representante del voluntariado \u00abUnidos por el Zulia\u00bb, en el municipio Mara.<br>\u200e<br>\u200eAdem\u00e1s, Ferrer tambi\u00e9n se mostr\u00f3 satisfecha por la aceptaci\u00f3n y el respaldo con el que cuenta Manuel Rosales en dicha jurisdicci\u00f3n, resaltando que una gran cantidad de hombres y mujeres est\u00e1n ganados a trabajar por la continuidad de un gobierno regional que les ha devuelto la prosperidad, el desarrollo y el bienestar a todos los zulianos.<br>\u200e<br>\u200e\u00bbDesde el municipio Mara, le hacemos un llamado a toda la ciudadan\u00eda para que este pr\u00f3ximo 25 de mayo, salgan todos unidos a utilizar el voto como la m\u00e1s poderosa herramienta que tenemos los zulianos de seguir construyendo el estado que so\u00f1amos y anhelamos de la mano de nuestro m\u00e1ximo l\u00edder Manuel Rosales Guerrero\u00bb, se\u00f1al\u00f3 In\u00e9s Ferrer.<br><strong><em>\u200eET \/ Nota de Prensa<\/em><\/strong><\/p>\n\n\n\n<p><\/p>\n","protected":false},"excerpt":{"rendered":"<p>ENTRE TORMENTAS. \u200e\u00bbNo podemos bajar la cabeza, tenemos que proteger y defender al Zulia, no&#8230;<\/p>\n","protected":false},"author":2,"featured_media":15837,"comment_status":"closed","ping_status":"open","sticky":false,"template":"","format":"standard","meta":{"footnotes":""},"categories":[56,1],"tags":[],"class_list":["post-15836","post","type-post","status-publish","format-standard","has-post-thumbnail","hentry","category-destacadas","category-regionales"],"_links":{"self":[{"href":"https:\/\/entretormentas.com\/index.php?rest_route=\/wp\/v2\/posts\/15836","targetHints":{"allow":["GET"]}}],"collection":[{"href":"https:\/\/entretormentas.com\/index.php?rest_route=\/wp\/v2\/posts"}],"about":[{"href":"https:\/\/entretormentas.com\/index.php?rest_route=\/wp\/v2\/types\/post"}],"author":[{"embeddable":true,"href":"https:\/\/entretormentas.com\/index.php?rest_route=\/wp\/v2\/users\/2"}],"replies":[{"embeddable":true,"href":"https:\/\/entretormentas.com\/index.php?rest_route=%2Fwp%2Fv2%2Fcomments&post=15836"}],"version-history":[{"count":1,"href":"https:\/\/entretormentas.com\/index.php?rest_route=\/wp\/v2\/posts\/15836\/revisions"}],"predecessor-version":[{"id":15838,"href":"https:\/\/entretormentas.com\/index.php?rest_route=\/wp\/v2\/posts\/15836\/revisions\/15838"}],"wp:featuredmedia":[{"embeddable":true,"href":"https:\/\/entretormentas.com\/index.php?rest_route=\/wp\/v2\/media\/15837"}],"wp:attachment":[{"href":"https:\/\/entretormentas.com\/index.php?rest_route=%2Fwp%2Fv2%2Fmedia&parent=15836"}],"wp:term":[{"taxonomy":"category","embeddable":true,"href":"https:\/\/entretormentas.com\/index.php?rest_route=%2Fwp%2Fv2%2Fcategories&post=15836"},{"taxonomy":"post_tag","embeddable":true,"href":"https:\/\/entretormentas.com\/index.php?rest_route=%2Fwp%2Fv2%2Ftags&post=15836"}],"curies":[{"name":"wp","href":"https:\/\/api.w.org\/{rel}","templated":true}]}}