{"id":15839,"date":"2025-04-29T10:27:38","date_gmt":"2025-04-29T08:27:38","guid":{"rendered":"https:\/\/entretormentas.com\/?p=15839"},"modified":"2025-04-29T10:27:50","modified_gmt":"2025-04-29T08:27:50","slug":"en-san-francisco-comdepro-realiza-i-foro-infantil-sobre-los-derechos-de-los-ninos-ninas-y-adolescentes","status":"publish","type":"post","link":"https:\/\/entretormentas.com\/en-san-francisco-comdepro-realiza-i-foro-infantil-sobre-los-derechos-de-los-ninos-ninas-y-adolescentes\/","title":{"rendered":"\u00a1EN SAN FRANCISCO! Comdepro realiza I Foro Infantil sobre los Derechos de los Ni\u00f1os, Ni\u00f1as y Adolescentes"},"content":{"rendered":"\n<p><strong>ENTRE TORMENTAS.<\/strong> La alcald\u00eda de San Francisco contin\u00faa brindando atenci\u00f3n a todos los ni\u00f1os, ni\u00f1as y adolescentes del municipio a trav\u00e9s de la gesti\u00f3n del alcalde Gustavo Fern\u00e1ndez, mediante actividades educativas, dirigidas a la orientaci\u00f3n de los derechos y deberes que permiten la protecci\u00f3n integral de los ni\u00f1os sanfranciscanos.<\/p>\n\n\n\n<p>El Consejo de Protecci\u00f3n de Ni\u00f1os, Ni\u00f1as y Adolescentes del municipio San Francisco (Comdepro), en virtud de sus potestades, realiz\u00f3 el I Foro Infantil, en la Unidad Educativa Nueva Am\u00e9rica, ubicada en el barrio 24 de Julio de la parroquia Domitila Flores, dirigido a informar y discutir la importancia que tiene resguardar los derechos de los escolares y j\u00f3venes que hacen vida en el municipio sure\u00f1o.<\/p>\n\n\n\n<figure class=\"wp-block-image size-full\"><img fetchpriority=\"high\" decoding=\"async\" width=\"1020\" height=\"768\" src=\"https:\/\/entretormentas.com\/wp-content\/uploads\/2025\/04\/image-465.png\" alt=\"\" class=\"wp-image-15840\" srcset=\"https:\/\/entretormentas.com\/wp-content\/uploads\/2025\/04\/image-465.png 1020w, https:\/\/entretormentas.com\/wp-content\/uploads\/2025\/04\/image-465-300x226.png 300w, https:\/\/entretormentas.com\/wp-content\/uploads\/2025\/04\/image-465-768x578.png 768w\" sizes=\"(max-width: 1020px) 100vw, 1020px\" \/><\/figure>\n\n\n\n<p>Dianeth Guerrero, directora de Comdepro, inform\u00f3 que \u201cesta actividad tuvo como objetivo principal promover la participaci\u00f3n activa de nuestros ni\u00f1os, ni\u00f1as y adolescentes, as\u00ed como tambi\u00e9n la construcci\u00f3n del manual de vivencias escolares y conocer la opini\u00f3n de cada uno de ellos con respecto a los retos virales, ya que esto es parte de los deberes de los ni\u00f1os, ni\u00f1as y adolescentes\u201d.<\/p>\n\n\n\n<p>El Foro Infantil cont\u00f3 con la participaci\u00f3n de 54 ni\u00f1os, ni\u00f1as y adolescentes, pertenecientes a las diferentes escuelas estadales y a todos los colegios Fe y Alegr\u00eda del municipio San Francisco. Se esperan nuevas actividades que fomenten el aprendizaje en materia de los derechos infantiles, organizadas y programadas por Comdepro, instituci\u00f3n competente en el tema.<\/p>\n\n\n\n<p>La actividad estuvo conformada por varios segmentos de exposiciones y oratorias realizadas por cada colegio participante. \u201cEl tema de discusi\u00f3n estuvo enfocado en el derecho a la participaci\u00f3n activa de los procesos que a ellos les concierne, en este caso la construcci\u00f3n del manual de vivencias escolares\u201d, indic\u00f3 Dianeth Guerrero, directora de Comdepro.<br><strong><em>ET \/ Alcald\u00eda de San Francisco<\/em><\/strong><\/p>\n","protected":false},"excerpt":{"rendered":"<p>ENTRE TORMENTAS. La alcald\u00eda de San Francisco contin\u00faa brindando atenci\u00f3n a todos los ni\u00f1os, ni\u00f1as&#8230;<\/p>\n","protected":false},"author":2,"featured_media":15841,"comment_status":"closed","ping_status":"open","sticky":false,"template":"","format":"standard","meta":{"footnotes":""},"categories":[1],"tags":[],"class_list":["post-15839","post","type-post","status-publish","format-standard","has-post-thumbnail","hentry","category-regionales"],"_links":{"self":[{"href":"https:\/\/entretormentas.com\/index.php?rest_route=\/wp\/v2\/posts\/15839","targetHints":{"allow":["GET"]}}],"collection":[{"href":"https:\/\/entretormentas.com\/index.php?rest_route=\/wp\/v2\/posts"}],"about":[{"href":"https:\/\/entretormentas.com\/index.php?rest_route=\/wp\/v2\/types\/post"}],"author":[{"embeddable":true,"href":"https:\/\/entretormentas.com\/index.php?rest_route=\/wp\/v2\/users\/2"}],"replies":[{"embeddable":true,"href":"https:\/\/entretormentas.com\/index.php?rest_route=%2Fwp%2Fv2%2Fcomments&post=15839"}],"version-history":[{"count":1,"href":"https:\/\/entretormentas.com\/index.php?rest_route=\/wp\/v2\/posts\/15839\/revisions"}],"predecessor-version":[{"id":15842,"href":"https:\/\/entretormentas.com\/index.php?rest_route=\/wp\/v2\/posts\/15839\/revisions\/15842"}],"wp:featuredmedia":[{"embeddable":true,"href":"https:\/\/entretormentas.com\/index.php?rest_route=\/wp\/v2\/media\/15841"}],"wp:attachment":[{"href":"https:\/\/entretormentas.com\/index.php?rest_route=%2Fwp%2Fv2%2Fmedia&parent=15839"}],"wp:term":[{"taxonomy":"category","embeddable":true,"href":"https:\/\/entretormentas.com\/index.php?rest_route=%2Fwp%2Fv2%2Fcategories&post=15839"},{"taxonomy":"post_tag","embeddable":true,"href":"https:\/\/entretormentas.com\/index.php?rest_route=%2Fwp%2Fv2%2Ftags&post=15839"}],"curies":[{"name":"wp","href":"https:\/\/api.w.org\/{rel}","templated":true}]}}