{"id":15843,"date":"2025-04-29T10:37:00","date_gmt":"2025-04-29T08:37:00","guid":{"rendered":"https:\/\/entretormentas.com\/?p=15843"},"modified":"2025-04-29T10:37:20","modified_gmt":"2025-04-29T08:37:20","slug":"auspiciada-por-la-alcaldia-san-francisco-celebra-la-i-olimpiada-municipal-intercolegial-de-deletreo","status":"publish","type":"post","link":"https:\/\/entretormentas.com\/auspiciada-por-la-alcaldia-san-francisco-celebra-la-i-olimpiada-municipal-intercolegial-de-deletreo\/","title":{"rendered":"\u00a1AUSPICIADA POR LA ALCALD\u00cdA! San Francisco celebra la I Olimpiada Municipal intercolegial de Deletreo"},"content":{"rendered":"\n<p><strong>ENTRE TORMENTAS. <\/strong>Reforzando el \u00e1rea educativa de los escolares del municipio San Francisco, la gesti\u00f3n del alcalde Gustavo Fern\u00e1ndez, celebr\u00f3 en el auditorio Humberto Fern\u00e1ndez Mor\u00e1n, la primera Olimpiada Municipal de Deletreo, en el marco de la celebraci\u00f3n del 45 aniversario de la escuela privada Santa Ana de Jes\u00fas y de la semana del Libro y del Idioma.<\/p>\n\n\n\n<p>En la actividad acad\u00e9mica, en representaci\u00f3n del alcalde de San Francisco, Gustavo Fern\u00e1ndez, estuvo presente el profesor Argenis Albornoz, director de Educaci\u00f3n del ayuntamiento sure\u00f1o y el ciudadano prof. Jos\u00e9 Torres, director de la Escuela de Gobierno.<\/p>\n\n\n\n<p>Con el apoyo del Proyecto Educativo Zuliano (PEZ) San Francisco, el objetivo de estas olimpiadas estuvo centrado en fomentar el desarrollo de habilidades ling\u00fc\u00edsticas, espec\u00edficamente la ortograf\u00eda y el vocabulario en los estudiantes, a trav\u00e9s de una competencia sana y educativa, para el estudio de la singular vida y obra cristiana del Pbro. Luis Guillermo V\u00edlchez Soto en San Francisco.<\/p>\n\n\n\n<figure class=\"wp-block-image size-large\"><img fetchpriority=\"high\" decoding=\"async\" width=\"1024\" height=\"768\" src=\"https:\/\/entretormentas.com\/wp-content\/uploads\/2025\/04\/image-468-1024x768.png\" alt=\"\" class=\"wp-image-15845\" srcset=\"https:\/\/entretormentas.com\/wp-content\/uploads\/2025\/04\/image-468-1024x768.png 1024w, https:\/\/entretormentas.com\/wp-content\/uploads\/2025\/04\/image-468-300x225.png 300w, https:\/\/entretormentas.com\/wp-content\/uploads\/2025\/04\/image-468-768x576.png 768w, https:\/\/entretormentas.com\/wp-content\/uploads\/2025\/04\/image-468.png 1080w\" sizes=\"(max-width: 1024px) 100vw, 1024px\" \/><\/figure>\n\n\n\n<p>El prof. Julio Fern\u00e1ndez Le\u00f3n, autor del libro El Padre V\u00edlchez: Una mirada desde su biograf\u00eda, obra fundamento de la I Olimpiada Municipal de Deletreo, fungi\u00f3 como invitado especial, en donde agradeci\u00f3 la intenci\u00f3n de esta enriquecedora actividad escolar. \u00abFelicito a todos los pap\u00e1s y a los maestros que representan este futuro maravilloso de este gran municipio San Francisco\u00bb.<\/p>\n\n\n\n<p>Adem\u00e1s, Fern\u00e1ndez Le\u00f3n, precis\u00f3 que la actividad \u00abfue extraordinaria, primero tratar de despertar en los ni\u00f1os su amor por el lenguaje, entenderlo y comprenderlo, en segundo lugar, entender la historia importante en San Francisco, que est\u00e1 pr\u00e1cticamente conservada en la historia del Padre V\u00edlchez, agradezco mucho a los organizadores de esta actividad por utilizar de soporte mi libro\u00bb.<\/p>\n\n\n\n<p>Entre las escuelas participantes del municipio San Francisco, en estas Olimpiadas Municipales de Deletreo, destac\u00f3 la escuela privada Santa Ana de Jes\u00fas, de donde result\u00f3 ganador del primer lugar, el alumno Edgar Campo, la UEE San Francisco, de donde result\u00f3 ganadora del segundo lugar, Jannalys Urdaneta, adem\u00e1s, participaron las Escuelas Estatales Jes\u00fas Enrique Lossada, San Francisco, Herm\u00f3genes M\u00e9ndez, Victor Padilla, Nelson Guti\u00e9rrez y Eugenio S\u00e1nchez Garc\u00eda.<br><strong><em>ET \/ Alcald\u00eda de San Francisco<\/em><\/strong><\/p>\n\n\n\n<p><\/p>\n","protected":false},"excerpt":{"rendered":"<p>ENTRE TORMENTAS. Reforzando el \u00e1rea educativa de los escolares del municipio San Francisco, la gesti\u00f3n&#8230;<\/p>\n","protected":false},"author":2,"featured_media":15844,"comment_status":"closed","ping_status":"open","sticky":false,"template":"","format":"standard","meta":{"footnotes":""},"categories":[1],"tags":[],"class_list":["post-15843","post","type-post","status-publish","format-standard","has-post-thumbnail","hentry","category-regionales"],"_links":{"self":[{"href":"https:\/\/entretormentas.com\/index.php?rest_route=\/wp\/v2\/posts\/15843","targetHints":{"allow":["GET"]}}],"collection":[{"href":"https:\/\/entretormentas.com\/index.php?rest_route=\/wp\/v2\/posts"}],"about":[{"href":"https:\/\/entretormentas.com\/index.php?rest_route=\/wp\/v2\/types\/post"}],"author":[{"embeddable":true,"href":"https:\/\/entretormentas.com\/index.php?rest_route=\/wp\/v2\/users\/2"}],"replies":[{"embeddable":true,"href":"https:\/\/entretormentas.com\/index.php?rest_route=%2Fwp%2Fv2%2Fcomments&post=15843"}],"version-history":[{"count":1,"href":"https:\/\/entretormentas.com\/index.php?rest_route=\/wp\/v2\/posts\/15843\/revisions"}],"predecessor-version":[{"id":15846,"href":"https:\/\/entretormentas.com\/index.php?rest_route=\/wp\/v2\/posts\/15843\/revisions\/15846"}],"wp:featuredmedia":[{"embeddable":true,"href":"https:\/\/entretormentas.com\/index.php?rest_route=\/wp\/v2\/media\/15844"}],"wp:attachment":[{"href":"https:\/\/entretormentas.com\/index.php?rest_route=%2Fwp%2Fv2%2Fmedia&parent=15843"}],"wp:term":[{"taxonomy":"category","embeddable":true,"href":"https:\/\/entretormentas.com\/index.php?rest_route=%2Fwp%2Fv2%2Fcategories&post=15843"},{"taxonomy":"post_tag","embeddable":true,"href":"https:\/\/entretormentas.com\/index.php?rest_route=%2Fwp%2Fv2%2Ftags&post=15843"}],"curies":[{"name":"wp","href":"https:\/\/api.w.org\/{rel}","templated":true}]}}