{"id":15847,"date":"2025-04-29T10:43:00","date_gmt":"2025-04-29T08:43:00","guid":{"rendered":"https:\/\/entretormentas.com\/?p=15847"},"modified":"2025-04-29T10:43:01","modified_gmt":"2025-04-29T08:43:01","slug":"recorriendo-municipios-ely-ramon-atencio-lleva-su-mensaje-de-union-del-zulia-a-la-col","status":"publish","type":"post","link":"https:\/\/entretormentas.com\/recorriendo-municipios-ely-ramon-atencio-lleva-su-mensaje-de-union-del-zulia-a-la-col\/","title":{"rendered":"\u00a1RECORRIENDO MUNICIPIOS! Ely Ram\u00f3n Atencio lleva su mensaje de uni\u00f3n del Zulia a la COL"},"content":{"rendered":"\n<p><strong>ENTRE TORMENTAS.<\/strong> Ely Ram\u00f3n Atencio, alcalde del municipio Rosario de Perij\u00e1 y candidato a la Gobernaci\u00f3n del Zulia con el apoyo de varios partidos que conforman una alianza, asisti\u00f3 a una asamblea en el municipio Cabimas para coordinar estrategias pol\u00edticas en el eje Costa Oriental del Lago.<\/p>\n\n\n\n<p>En la actividad estuvo acompa\u00f1ado de los alcaldes de Santa Rita, Alenis Guerrero, y La Ca\u00f1ada de Urdaneta, Nidia de Atencio. Tambi\u00e9n estuvo acompa\u00f1ado de dirigentes y l\u00edderes de los partidos pol\u00edticos Copei, AD, Soluciones para Venezuela y Cambio.<\/p>\n\n\n\n<figure class=\"wp-block-image size-large\"><img fetchpriority=\"high\" decoding=\"async\" width=\"1024\" height=\"578\" src=\"https:\/\/entretormentas.com\/wp-content\/uploads\/2025\/04\/image-470-1024x578.png\" alt=\"\" class=\"wp-image-15849\" srcset=\"https:\/\/entretormentas.com\/wp-content\/uploads\/2025\/04\/image-470-1024x578.png 1024w, https:\/\/entretormentas.com\/wp-content\/uploads\/2025\/04\/image-470-300x169.png 300w, https:\/\/entretormentas.com\/wp-content\/uploads\/2025\/04\/image-470-768x433.png 768w, https:\/\/entretormentas.com\/wp-content\/uploads\/2025\/04\/image-470.png 1280w\" sizes=\"(max-width: 1024px) 100vw, 1024px\" \/><\/figure>\n\n\n\n<p>Asi mismo, participaron representantes de los municipios Valmore Rodriguez, Baralt, Lagunillas y Santa Rita quienes presentaron sus propuestas y proyectos a Atencio para ser ejecutados en La Costa Oriental del Lago.<\/p>\n\n\n\n<p>All\u00ed se afinaron detalles para la contienda electoral del pr\u00f3ximo 25 de mayo, en cuanto a aspectos internos de la organizaci\u00f3n t\u00edpica de la campa\u00f1a.<\/p>\n\n\n\n<p>Atencio invit\u00f3 a trabajar a todos juntos por un nuevo proyecto para los zulianos, siendo su candidatura la opci\u00f3n que une al Zulia, a trav\u00e9s de la congesti\u00f3n y progreso.<br><strong><em>ET \/ Nota de Prensa<\/em><\/strong><\/p>\n","protected":false},"excerpt":{"rendered":"<p>ENTRE TORMENTAS. Ely Ram\u00f3n Atencio, alcalde del municipio Rosario de Perij\u00e1 y candidato a la&#8230;<\/p>\n","protected":false},"author":2,"featured_media":15848,"comment_status":"closed","ping_status":"open","sticky":false,"template":"","format":"standard","meta":{"footnotes":""},"categories":[1],"tags":[],"class_list":["post-15847","post","type-post","status-publish","format-standard","has-post-thumbnail","hentry","category-regionales"],"_links":{"self":[{"href":"https:\/\/entretormentas.com\/index.php?rest_route=\/wp\/v2\/posts\/15847","targetHints":{"allow":["GET"]}}],"collection":[{"href":"https:\/\/entretormentas.com\/index.php?rest_route=\/wp\/v2\/posts"}],"about":[{"href":"https:\/\/entretormentas.com\/index.php?rest_route=\/wp\/v2\/types\/post"}],"author":[{"embeddable":true,"href":"https:\/\/entretormentas.com\/index.php?rest_route=\/wp\/v2\/users\/2"}],"replies":[{"embeddable":true,"href":"https:\/\/entretormentas.com\/index.php?rest_route=%2Fwp%2Fv2%2Fcomments&post=15847"}],"version-history":[{"count":1,"href":"https:\/\/entretormentas.com\/index.php?rest_route=\/wp\/v2\/posts\/15847\/revisions"}],"predecessor-version":[{"id":15850,"href":"https:\/\/entretormentas.com\/index.php?rest_route=\/wp\/v2\/posts\/15847\/revisions\/15850"}],"wp:featuredmedia":[{"embeddable":true,"href":"https:\/\/entretormentas.com\/index.php?rest_route=\/wp\/v2\/media\/15848"}],"wp:attachment":[{"href":"https:\/\/entretormentas.com\/index.php?rest_route=%2Fwp%2Fv2%2Fmedia&parent=15847"}],"wp:term":[{"taxonomy":"category","embeddable":true,"href":"https:\/\/entretormentas.com\/index.php?rest_route=%2Fwp%2Fv2%2Fcategories&post=15847"},{"taxonomy":"post_tag","embeddable":true,"href":"https:\/\/entretormentas.com\/index.php?rest_route=%2Fwp%2Fv2%2Ftags&post=15847"}],"curies":[{"name":"wp","href":"https:\/\/api.w.org\/{rel}","templated":true}]}}