{"id":15851,"date":"2025-04-29T10:47:47","date_gmt":"2025-04-29T08:47:47","guid":{"rendered":"https:\/\/entretormentas.com\/?p=15851"},"modified":"2025-04-29T20:08:30","modified_gmt":"2025-04-29T18:08:30","slug":"en-respaldo-a-luis-caldera-instalado-comando-de-campana-del-gran-polo-patriotico-del-zulia","status":"publish","type":"post","link":"https:\/\/entretormentas.com\/en-respaldo-a-luis-caldera-instalado-comando-de-campana-del-gran-polo-patriotico-del-zulia\/","title":{"rendered":"\u00a1EN RESPALDO A LUIS CALDERA! Instalado Comando de Campa\u00f1a del Gran Polo Patri\u00f3tico del Zulia"},"content":{"rendered":"\n<p><strong>ENTRE TORMENTAS. <\/strong>Este lunes 28 de abril con un acto realizado en las instalaciones del Estadio Jos\u00e9 Encarnaci\u00f3n \u201cPachencho\u201d Romero, se instal\u00f3 el comando de campa\u00f1a del Gran Polo Patri\u00f3tico Sim\u00f3n Bol\u00edvar en el Zulia (GPPSB).<\/p>\n\n\n\n<p>El candidato, Luis Caldera, asegur\u00f3 que con una posici\u00f3n firme y clara, se constituye una gran familia, la familia del Zulia bueno, grande y pr\u00f3spero.<\/p>\n\n\n\n<p>Seguidamente Caldera detall\u00f3 los cargos y comisiones que conformar\u00e1n este gran equipo, para garantizar la victoria del 25 de mayo.<\/p>\n\n\n\n<p>En primer lugar pidi\u00f3 al Coronel Francisco Ameliach, asumir la coordinaci\u00f3n general de este comando de campa\u00f1a, y a su vez a \u201cun hermano zuliano hijo de Cabimas\u201d, el G\/J N\u00e9stor Reverol, que asuma la coordinaci\u00f3n de defensa del voto.<\/p>\n\n\n\n<p>Tambi\u00e9n, solicit\u00f3 a Noheli Pocaterra, asumir la organizaci\u00f3n y unidad del moviendo ind\u00edgena del Zulia. Al compa\u00f1ero Jos\u00e9 Fleire que asuma la coordinaci\u00f3n de eventos, movilizaci\u00f3n y calle.<\/p>\n\n\n\n<p>\u201cLe he pedido al hermano, Fidel Madro\u00f1ero, que asuma la coordinaci\u00f3n de comunicaciones pol\u00edtica y propaganda en todo el estado Zulia. A la compa\u00f1era Jenny Cede\u00f1o que asuma la t\u00e9cnica electoral del estado. Al profesor Juan Romero, la escuela de testigos. Al profesor Omar Mu\u00f1oz la coordinaci\u00f3n de planes y proyectos. Al compa\u00f1ero Jean Brice\u00f1o la organizaci\u00f3n, control y seguimiento del voto. Y a la compa\u00f1era, Angela Fern\u00e1ndez, como secretaria de este comando de campa\u00f1a\u201d.<\/p>\n\n\n\n<p>Caldera agreg\u00f3, que con este esp\u00edritu de unidad, fe y respeto \u201cme he comunicado con tres compa\u00f1eros, hermanos que por razones de distancia no est\u00e1n hoy aqu\u00ed, pero estar\u00e1n muy pronto\u201d.<\/p>\n\n\n\n<p>El primero es el General Carlos Eduardo Mart\u00ednez Mendoza que asume la coordinaci\u00f3n de la Econom\u00eda Productiva para el Zulia. Tambi\u00e9n a Gian Carlo Di Martino que asumir\u00e1 la coordinaci\u00f3n de la comisi\u00f3n alianza de pa\u00edses hermanos en el Zulia.<\/p>\n\n\n\n<p>El Candidato por el GPP agreg\u00f3 que el compa\u00f1ero Francisco Javier Arias Cardenas asumir\u00e1 la coordinaci\u00f3n de amplias alianzas y todos los movimientos sociales.<\/p>\n\n\n\n<p>\u201cEste equipo de 11 comisiones, tiene la responsabilidad de ser un equipo de trabajo, que va a los territorios a unir y a llevar el mensaje del Zulia\u201d, manifest\u00f3 Luis Caldera.<br><strong><em>ET \/ Prensa PSUV Zulia<\/em><\/strong><\/p>\n\n\n\n<p><\/p>\n","protected":false},"excerpt":{"rendered":"<p>ENTRE TORMENTAS. Este lunes 28 de abril con un acto realizado en las instalaciones del&#8230;<\/p>\n","protected":false},"author":2,"featured_media":15864,"comment_status":"closed","ping_status":"open","sticky":false,"template":"","format":"standard","meta":{"footnotes":""},"categories":[57,1],"tags":[],"class_list":["post-15851","post","type-post","status-publish","format-standard","has-post-thumbnail","hentry","category-actualidad","category-regionales"],"_links":{"self":[{"href":"https:\/\/entretormentas.com\/index.php?rest_route=\/wp\/v2\/posts\/15851","targetHints":{"allow":["GET"]}}],"collection":[{"href":"https:\/\/entretormentas.com\/index.php?rest_route=\/wp\/v2\/posts"}],"about":[{"href":"https:\/\/entretormentas.com\/index.php?rest_route=\/wp\/v2\/types\/post"}],"author":[{"embeddable":true,"href":"https:\/\/entretormentas.com\/index.php?rest_route=\/wp\/v2\/users\/2"}],"replies":[{"embeddable":true,"href":"https:\/\/entretormentas.com\/index.php?rest_route=%2Fwp%2Fv2%2Fcomments&post=15851"}],"version-history":[{"count":1,"href":"https:\/\/entretormentas.com\/index.php?rest_route=\/wp\/v2\/posts\/15851\/revisions"}],"predecessor-version":[{"id":15854,"href":"https:\/\/entretormentas.com\/index.php?rest_route=\/wp\/v2\/posts\/15851\/revisions\/15854"}],"wp:featuredmedia":[{"embeddable":true,"href":"https:\/\/entretormentas.com\/index.php?rest_route=\/wp\/v2\/media\/15864"}],"wp:attachment":[{"href":"https:\/\/entretormentas.com\/index.php?rest_route=%2Fwp%2Fv2%2Fmedia&parent=15851"}],"wp:term":[{"taxonomy":"category","embeddable":true,"href":"https:\/\/entretormentas.com\/index.php?rest_route=%2Fwp%2Fv2%2Fcategories&post=15851"},{"taxonomy":"post_tag","embeddable":true,"href":"https:\/\/entretormentas.com\/index.php?rest_route=%2Fwp%2Fv2%2Ftags&post=15851"}],"curies":[{"name":"wp","href":"https:\/\/api.w.org\/{rel}","templated":true}]}}