{"id":15870,"date":"2025-04-29T20:21:09","date_gmt":"2025-04-29T18:21:09","guid":{"rendered":"https:\/\/entretormentas.com\/?p=15870"},"modified":"2025-04-29T20:21:10","modified_gmt":"2025-04-29T18:21:10","slug":"vicepresidenta-del-mas-abstencion-allana-el-camino-para-que-se-instaure-un-modelo-totalitario","status":"publish","type":"post","link":"https:\/\/entretormentas.com\/vicepresidenta-del-mas-abstencion-allana-el-camino-para-que-se-instaure-un-modelo-totalitario\/","title":{"rendered":"VICEPRESIDENTA DEL MAS: \u00abAbstenci\u00f3n allana el camino para que se instaure un modelo totalitario\u00bb"},"content":{"rendered":"\n<p><strong>ENTRE TORMENTAS. <\/strong>La vicepresidenta del MAS, Mar\u00eda Verdeal, advirti\u00f3 que, faltando pocas horas para el inicio de la campa\u00f1a electoral, la ciudadan\u00eda desconoce los detalles de los comicios pautados para el 25 de mayo, raz\u00f3n por la cual exhort\u00f3 al CNE para que emprenda de inmediato una campa\u00f1a informativa.<\/p>\n\n\n\n<p>\u00abEstamos preocupados porque mucha gente no sabe que se realizar\u00e1n pr\u00f3ximamente elecciones de diputados a la Asamblea Nacional, gobernadores y legisladores\u00bb.<\/p>\n\n\n\n<p>Reiter\u00f3 que el MAS nunca ha abandonado el camino del voto y que a pesar de las circunstancias adversas, la ruta seguir\u00e1 siendo electoral, pac\u00edfica y democr\u00e1tica.<\/p>\n\n\n\n<p>\u201cHemos alertado siempre que cuando se abandona el espacio electoral, avanzan cada vez m\u00e1s quienes est\u00e1n en el poder para seguir instaurando un modelo pol\u00edtico, econ\u00f3mico y social; es decir, un proyecto totalitario que la mayor\u00eda del pa\u00eds rechaza\u201d.<\/p>\n\n\n\n<p>Verdeal lament\u00f3 que previo a una campa\u00f1a electoral de solo 20 d\u00edas, abunden las descalificaciones y difamaciones entre los distintos sectores de oposici\u00f3n.<\/p>\n\n\n\n<p>\u201cEsto es inaceptable y hay que ponerle un freno porque le hacen un favor al gobierno cuando arremeten contra los que participar\u00e1n en las elecciones, as\u00ed como con los abstencionistas de los diferentes sectores\u00bb.<\/p>\n\n\n\n<p>La dirigente pol\u00edtica llam\u00f3 a guardar el debido respeto por cuanto el sufragio es un derecho constitucional y cualquier elector est\u00e1 en libertad de ejercerlo o no.<br>Vaticin\u00f3 adem\u00e1s que la campa\u00f1a electoral, aunque corta, ser\u00e1 muy dura.<\/p>\n\n\n\n<figure class=\"wp-block-image size-full\"><img fetchpriority=\"high\" decoding=\"async\" width=\"490\" height=\"440\" src=\"https:\/\/entretormentas.com\/wp-content\/uploads\/2025\/04\/MAS-VERDEAL2.jpeg\" alt=\"\" class=\"wp-image-15871\" srcset=\"https:\/\/entretormentas.com\/wp-content\/uploads\/2025\/04\/MAS-VERDEAL2.jpeg 490w, https:\/\/entretormentas.com\/wp-content\/uploads\/2025\/04\/MAS-VERDEAL2-300x269.jpeg 300w\" sizes=\"(max-width: 490px) 100vw, 490px\" \/><\/figure>\n\n\n\n<p>Como aspirante a un esca\u00f1o en la Asamblea Nacional, Verdeal inst\u00f3 a los diversos candidatos a presentar sus propuestas ante el mayor n\u00famero de electores, recalcando la necesidad de mantener la ruta electoral.<\/p>\n\n\n\n<p>Se\u00f1al\u00f3 que los cambios que requiere el pa\u00eds se logran con un parlamento equilibrado al igual que con gobernaciones y consejos legislativos; y posteriormente, con las alcad\u00edas y concejos municipales, una vez anunciada la fecha de la elecci\u00f3n.<\/p>\n\n\n\n<p>\u201cSon muy da\u00f1inos los llamados a la poblaci\u00f3n para que se paralice. Nos corresponde seguir luchando en los escenarios electorales que est\u00e1n consagrados en nuestra Constituci\u00f3n Nacional, aun en las peores situaciones\u201d.<\/p>\n\n\n\n<p>Sobre el proyecto de reforma constitucional, la vicepresidenta del MAS hizo un llamado a todo el pa\u00eds a prender las alarmas, aunque no se conozca todav\u00eda su contenido, en virtud de que deber\u00e1 someterse a un referendo para su aprobaci\u00f3n.<\/p>\n\n\n\n<p>Para las venideras elecciones, el MAS acompa\u00f1ar\u00e1 la f\u00f3rmula de Un Nuevo Tiempo (UNT) y de Uni\u00f3n y Cambio (UNICA) en todo el pa\u00eds, con miras a que los venezolanos tengan una alternativa pol\u00edtica.<\/p>\n\n\n\n<p>El MAS expres\u00f3 sus condolencias a todos los cat\u00f3licos por el fallecimiento del papa Francisco, quien realiz\u00f3 controversiales transformaciones en la instituci\u00f3n eclesi\u00e1stica.<br><strong><em>ET \/ Prensa MAS<\/em><\/strong><\/p>\n\n\n\n<p><\/p>\n","protected":false},"excerpt":{"rendered":"<p>ENTRE TORMENTAS. La vicepresidenta del MAS, Mar\u00eda Verdeal, advirti\u00f3 que, faltando pocas horas para el&#8230;<\/p>\n","protected":false},"author":2,"featured_media":15872,"comment_status":"closed","ping_status":"open","sticky":false,"template":"","format":"standard","meta":{"footnotes":""},"categories":[56,49],"tags":[],"class_list":["post-15870","post","type-post","status-publish","format-standard","has-post-thumbnail","hentry","category-destacadas","category-nacionales"],"_links":{"self":[{"href":"https:\/\/entretormentas.com\/index.php?rest_route=\/wp\/v2\/posts\/15870","targetHints":{"allow":["GET"]}}],"collection":[{"href":"https:\/\/entretormentas.com\/index.php?rest_route=\/wp\/v2\/posts"}],"about":[{"href":"https:\/\/entretormentas.com\/index.php?rest_route=\/wp\/v2\/types\/post"}],"author":[{"embeddable":true,"href":"https:\/\/entretormentas.com\/index.php?rest_route=\/wp\/v2\/users\/2"}],"replies":[{"embeddable":true,"href":"https:\/\/entretormentas.com\/index.php?rest_route=%2Fwp%2Fv2%2Fcomments&post=15870"}],"version-history":[{"count":1,"href":"https:\/\/entretormentas.com\/index.php?rest_route=\/wp\/v2\/posts\/15870\/revisions"}],"predecessor-version":[{"id":15873,"href":"https:\/\/entretormentas.com\/index.php?rest_route=\/wp\/v2\/posts\/15870\/revisions\/15873"}],"wp:featuredmedia":[{"embeddable":true,"href":"https:\/\/entretormentas.com\/index.php?rest_route=\/wp\/v2\/media\/15872"}],"wp:attachment":[{"href":"https:\/\/entretormentas.com\/index.php?rest_route=%2Fwp%2Fv2%2Fmedia&parent=15870"}],"wp:term":[{"taxonomy":"category","embeddable":true,"href":"https:\/\/entretormentas.com\/index.php?rest_route=%2Fwp%2Fv2%2Fcategories&post=15870"},{"taxonomy":"post_tag","embeddable":true,"href":"https:\/\/entretormentas.com\/index.php?rest_route=%2Fwp%2Fv2%2Ftags&post=15870"}],"curies":[{"name":"wp","href":"https:\/\/api.w.org\/{rel}","templated":true}]}}