{"id":15885,"date":"2025-04-30T01:06:03","date_gmt":"2025-04-29T23:06:03","guid":{"rendered":"https:\/\/entretormentas.com\/?p=15885"},"modified":"2025-04-30T01:06:04","modified_gmt":"2025-04-29T23:06:04","slug":"apoyo-deportivo-disputan-finales-del-torneo-de-futsal-30-aniversario-del-municipio-san-francisco","status":"publish","type":"post","link":"https:\/\/entretormentas.com\/apoyo-deportivo-disputan-finales-del-torneo-de-futsal-30-aniversario-del-municipio-san-francisco\/","title":{"rendered":"\u00a1APOYO DEPORTIVO! Disputan finales del Torneo de Futsal 30 Aniversario del municipio San Francisco"},"content":{"rendered":"\n<p><strong>ENTRE TORMENTAS.<\/strong> En la cancha de usos m\u00faltiples Dalia de Fern\u00e1ndez, en la parroquia Domitila Flores, se disputaron las finales de futsal copa 30 aniversario del municipio San Francisco en las categor\u00edas Sub-10, Sub-12, Sub-14, Sub-16 y Sub-18, en un ambiente cargado de entusiasmo y esp\u00edritu deportivo.<\/p>\n\n\n\n<p>Los equipos ganadores fueron Los Silos (Sub-10), Retorno (Sub-12, Sub-14 y Sub-16) y Estrellas del Sur (Sub-18). Al finalizar la jornada se entregaron reconocimientos a los jugadores m\u00e1s valiosos, goleadores y certificados a entrenadores, delegados y \u00e1rbitros.<\/p>\n\n\n\n<figure class=\"wp-block-image size-large\"><img fetchpriority=\"high\" decoding=\"async\" width=\"1024\" height=\"768\" src=\"https:\/\/entretormentas.com\/wp-content\/uploads\/2025\/04\/FUTSA2-1024x768.jpeg\" alt=\"\" class=\"wp-image-15886\" srcset=\"https:\/\/entretormentas.com\/wp-content\/uploads\/2025\/04\/FUTSA2-1024x768.jpeg 1024w, https:\/\/entretormentas.com\/wp-content\/uploads\/2025\/04\/FUTSA2-300x225.jpeg 300w, https:\/\/entretormentas.com\/wp-content\/uploads\/2025\/04\/FUTSA2-768x576.jpeg 768w, https:\/\/entretormentas.com\/wp-content\/uploads\/2025\/04\/FUTSA2.jpeg 1040w\" sizes=\"(max-width: 1024px) 100vw, 1024px\" \/><\/figure>\n\n\n\n<p>El campeonato que se disput\u00f3 desde el 19 de enero reuni\u00f3 a m\u00e1s de 300 ni\u00f1os y j\u00f3venes del municipio.<\/p>\n\n\n\n<p>La actividad cont\u00f3 con la presencia de autoridades deportivas y comunitarias, como el director t\u00e9cnico del IMDEP, Juan Rivera, reafirmando el compromiso con el desarrollo deportivo en San Francisco.<br><strong><em>ET \/ Alcald\u00eda de San Francisco<\/em><\/strong><\/p>\n","protected":false},"excerpt":{"rendered":"<p>ENTRE TORMENTAS. En la cancha de usos m\u00faltiples Dalia de Fern\u00e1ndez, en la parroquia Domitila&#8230;<\/p>\n","protected":false},"author":2,"featured_media":15887,"comment_status":"closed","ping_status":"open","sticky":false,"template":"","format":"standard","meta":{"footnotes":""},"categories":[53],"tags":[],"class_list":["post-15885","post","type-post","status-publish","format-standard","has-post-thumbnail","hentry","category-deportes"],"_links":{"self":[{"href":"https:\/\/entretormentas.com\/index.php?rest_route=\/wp\/v2\/posts\/15885","targetHints":{"allow":["GET"]}}],"collection":[{"href":"https:\/\/entretormentas.com\/index.php?rest_route=\/wp\/v2\/posts"}],"about":[{"href":"https:\/\/entretormentas.com\/index.php?rest_route=\/wp\/v2\/types\/post"}],"author":[{"embeddable":true,"href":"https:\/\/entretormentas.com\/index.php?rest_route=\/wp\/v2\/users\/2"}],"replies":[{"embeddable":true,"href":"https:\/\/entretormentas.com\/index.php?rest_route=%2Fwp%2Fv2%2Fcomments&post=15885"}],"version-history":[{"count":1,"href":"https:\/\/entretormentas.com\/index.php?rest_route=\/wp\/v2\/posts\/15885\/revisions"}],"predecessor-version":[{"id":15888,"href":"https:\/\/entretormentas.com\/index.php?rest_route=\/wp\/v2\/posts\/15885\/revisions\/15888"}],"wp:featuredmedia":[{"embeddable":true,"href":"https:\/\/entretormentas.com\/index.php?rest_route=\/wp\/v2\/media\/15887"}],"wp:attachment":[{"href":"https:\/\/entretormentas.com\/index.php?rest_route=%2Fwp%2Fv2%2Fmedia&parent=15885"}],"wp:term":[{"taxonomy":"category","embeddable":true,"href":"https:\/\/entretormentas.com\/index.php?rest_route=%2Fwp%2Fv2%2Fcategories&post=15885"},{"taxonomy":"post_tag","embeddable":true,"href":"https:\/\/entretormentas.com\/index.php?rest_route=%2Fwp%2Fv2%2Ftags&post=15885"}],"curies":[{"name":"wp","href":"https:\/\/api.w.org\/{rel}","templated":true}]}}