{"id":15894,"date":"2025-04-30T01:20:19","date_gmt":"2025-04-29T23:20:19","guid":{"rendered":"https:\/\/entretormentas.com\/?p=15894"},"modified":"2025-04-30T01:20:20","modified_gmt":"2025-04-29T23:20:20","slug":"arte-del-movimiento-en-la-ciudad-alcaldia-de-maracaibo-celebra-el-dia-internacional-de-la-danza","status":"publish","type":"post","link":"https:\/\/entretormentas.com\/arte-del-movimiento-en-la-ciudad-alcaldia-de-maracaibo-celebra-el-dia-internacional-de-la-danza\/","title":{"rendered":"\u00a1ARTE DEL MOVIMIENTO EN LA CIUDAD! Alcald\u00eda de Maracaibo celebra el D\u00eda Internacional de la Danza"},"content":{"rendered":"\n<p><strong>ENTRE TORMENTAS. <\/strong>La Alcald\u00eda de Maracaibo a trav\u00e9s de la Direcci\u00f3n de Cultura celebra con orgullo el D\u00eda Internacional de la Danza, fecha ideal para hacer un recuento de todo el trabajo realizado en esta \u00e1rea durante cuatro a\u00f1os de gesti\u00f3n, que se enfocaron en el desarrollo y promoci\u00f3n de la misma, consolidando un espacio de formaci\u00f3n art\u00edstica para ni\u00f1os y j\u00f3venes que buscan crecer y expresarse a trav\u00e9s del arte.<\/p>\n\n\n\n<p>Desde 2021, los espacios de formaci\u00f3n de danza permitieron el fortalecimiento de la identidad cultural marabina y el desarrollo art\u00edstico de las nuevas generaciones, promoviendo el respeto por nuestras tradiciones y al mismo tiempo brindando oportunidades de explorar las expresiones contempor\u00e1neas de la danza.<\/p>\n\n\n\n<figure class=\"wp-block-image size-large\"><img fetchpriority=\"high\" decoding=\"async\" width=\"1024\" height=\"576\" src=\"https:\/\/entretormentas.com\/wp-content\/uploads\/2025\/04\/ARTE2-1024x576.jpeg\" alt=\"\" class=\"wp-image-15895\" srcset=\"https:\/\/entretormentas.com\/wp-content\/uploads\/2025\/04\/ARTE2-1024x576.jpeg 1024w, https:\/\/entretormentas.com\/wp-content\/uploads\/2025\/04\/ARTE2-300x169.jpeg 300w, https:\/\/entretormentas.com\/wp-content\/uploads\/2025\/04\/ARTE2-768x432.jpeg 768w, https:\/\/entretormentas.com\/wp-content\/uploads\/2025\/04\/ARTE2.jpeg 1280w\" sizes=\"(max-width: 1024px) 100vw, 1024px\" \/><\/figure>\n\n\n\n<p>Hasta la fecha, Maracaibo cuenta con ocho m\u00f3dulos de danza, distribuidos en cuatro m\u00f3dulos de danzas folkl\u00f3ricas y nacionalistas y cuatro m\u00f3dulos de danzas urbanas, beneficiando a una matr\u00edcula promedio de 180 alumnos que comprende ni\u00f1os, adolescentes y j\u00f3venes.<\/p>\n\n\n\n<p>Malena Soto, directora de Cultura, inform\u00f3 que la Escuela de Danzas Municipales \u201cDanzas Nacionalistas\u201d tiene un m\u00f3dulo en el Museo Municipal de Artes Gr\u00e1ficas Luis Chac\u00f3n, otro en el Centro de Atenci\u00f3n Ciudadana Oeste 1, en Francisco Eugenio Bustamante; otro m\u00f3dulo en Caracciolo Parra P\u00e9rez, espec\u00edficamente en el barrio Panamericano y el cuarto m\u00f3dulo est\u00e1 en Los Claveles, parroquia Cecilio Acosta.<\/p>\n\n\n\n<p>Mientras que, la Escuela de Danzas Municipales \u201cDanza Urbana\u201d est\u00e1 conformada por el m\u00f3dulo Buena Nueva, ubicado en el barrio Almawyl; el m\u00f3dulo Luis Hurtado Higuera, en el barrio Integraci\u00f3n Comunal y el m\u00f3dulo Antonio Borjas Romero, en el Complejo Patria Joven.<\/p>\n\n\n\n<p>\u201cDesde que llegamos a la Alcald\u00eda de Maracaibo junto al alcalde Rafael Ram\u00edrez hemos trabajado incansablemente para garantizar que la danza se convierta en un pilar fundamental de la expresi\u00f3n art\u00edstica en nuestra ciudad. Estos cuatro a\u00f1os han sido un proceso de crecimiento y consolidaci\u00f3n, donde hemos logrado activar ocho m\u00f3dulos de formaci\u00f3n que han impactado positivamente en la vida de cientos de ni\u00f1os y j\u00f3venes\u201d, recalc\u00f3 la directora.<\/p>\n\n\n\n<figure class=\"wp-block-image size-large\"><img decoding=\"async\" width=\"1024\" height=\"768\" src=\"https:\/\/entretormentas.com\/wp-content\/uploads\/2025\/04\/ARTE3-1024x768.jpeg\" alt=\"\" class=\"wp-image-15896\" srcset=\"https:\/\/entretormentas.com\/wp-content\/uploads\/2025\/04\/ARTE3-1024x768.jpeg 1024w, https:\/\/entretormentas.com\/wp-content\/uploads\/2025\/04\/ARTE3-300x225.jpeg 300w, https:\/\/entretormentas.com\/wp-content\/uploads\/2025\/04\/ARTE3-768x576.jpeg 768w, https:\/\/entretormentas.com\/wp-content\/uploads\/2025\/04\/ARTE3.jpeg 1280w\" sizes=\"(max-width: 1024px) 100vw, 1024px\" \/><\/figure>\n\n\n\n<p>Soto destac\u00f3 que la danza en todas sus expresiones es identidad, disciplina y pasi\u00f3n. Consider\u00f3 que es satisfactorio ver el entusiasmo y evoluci\u00f3n de los participantes.<\/p>\n\n\n\n<p>\u201cEsto no nos motiva a seguir apostando por la Cultura como un motor de transformaci\u00f3n social, de la mano del alcalde encargado, Adri\u00e1n Romero, seguimos fortaleciendo estos espacios, asegurando que m\u00e1s j\u00f3venes tengan la oportunidad de desarrollarse a trav\u00e9s del arte. Agradecemos profundamente el compromiso de los profesores, bailarines y sus familias, porque gracias a ellos, la cultura sigue latiendo en cada rinc\u00f3n de Maracaibo\u201d, finaliz\u00f3 la directora.<\/p>\n\n\n\n<p><strong>CRECIMIENTO PROFESIONAL<\/strong><br>Keithlyn Vargas, bailarina de la compa\u00f1\u00eda municipal de danzas y profesora del m\u00f3dulo Francisco Eugenio Bustamante, comparti\u00f3 su vivencia como instructora.<\/p>\n\n\n\n<p>\u201cMi experiencia con la Compa\u00f1\u00eda Municipal en conjunto con el profesor Benito V\u00edlchez, ha sido de puro crecimiento profesional. El hecho de ejercer laboralmente lo que desde peque\u00f1a me apasiona es significativo tanto para m\u00ed, como para mis alumnas; y me encanta que sea mi granito de aporte a la comunidad\u201d, destac\u00f3.<\/p>\n\n\n\n<p>Alberliz Franco, profesora del m\u00f3dulo de Danza Urbana: Buena Nueva, expresa su emoci\u00f3n por formar parte del proyecto. \u201cBailar es mi pasi\u00f3n, y encontrar un lugar donde puedo ense\u00f1ar con disciplina y creatividad ha sido maravilloso. Aqu\u00ed encontr\u00e9 una familia y un espacio donde puedo expresarme libremente. Adem\u00e1s, cada presentaci\u00f3n me motiva a seguir mejorando. Estoy muy feliz de ser parte de esta gesti\u00f3n cultural comprometida\u201d.<\/p>\n\n\n\n<figure class=\"wp-block-image size-large\"><img decoding=\"async\" width=\"1024\" height=\"768\" src=\"https:\/\/entretormentas.com\/wp-content\/uploads\/2025\/04\/ARTE4-1024x768.jpeg\" alt=\"\" class=\"wp-image-15897\" srcset=\"https:\/\/entretormentas.com\/wp-content\/uploads\/2025\/04\/ARTE4-1024x768.jpeg 1024w, https:\/\/entretormentas.com\/wp-content\/uploads\/2025\/04\/ARTE4-300x225.jpeg 300w, https:\/\/entretormentas.com\/wp-content\/uploads\/2025\/04\/ARTE4-768x576.jpeg 768w, https:\/\/entretormentas.com\/wp-content\/uploads\/2025\/04\/ARTE4.jpeg 1280w\" sizes=\"(max-width: 1024px) 100vw, 1024px\" \/><\/figure>\n\n\n\n<p>Josemir Urdaneta, representante de la Escuela Municipal de Danzas, revel\u00f3 su experiencia desde que su ni\u00f1a est\u00e1 practicando danza. \u201cElla ha crecido mucho como persona, ha mejorado en todos los sentidos tanto en seguridad, como en la postura y como se relaciona con los dem\u00e1s. Esta disciplina ha ayudado a mi ni\u00f1a a desenvolverse mejor tanto en la escuela y hacer m\u00e1s disciplinada en sus estudios\u201d.<\/p>\n\n\n\n<p>\u201cMe encanta bailar, ir a los ensayos me divierte y subir a un escenario es algo maravilloso y emocionante que me fascina much\u00edsimo, mis compa\u00f1eras son mis amigas, y para m\u00ed son mi segunda familia\u201d, recalc\u00f3 Avril Garc\u00e9s de 10 a\u00f1os, alumna de la Escuela de Danzas Municipales.<\/p>\n\n\n\n<p>El Profesor Benito V\u00edlchez, director de artes de la Direcci\u00f3n de Cultura de la Alcald\u00eda de Maracaibo, enfatiz\u00f3 la importancia de la danza como herramienta de formaci\u00f3n integral.<\/p>\n\n\n\n<p>\u201cNuestra misi\u00f3n es ofrecer espacios donde la juventud pueda desarrollar sus talentos y fortalecer su sentido de identidad cultural. La danza es una expresi\u00f3n fundamental de nuestra tradici\u00f3n y, al mismo tiempo, una v\u00eda de innovaci\u00f3n art\u00edstica. Nos sentimos orgullosos de estos tres a\u00f1os de trabajo y estamos comprometidos con seguir impulsando estos m\u00f3dulos para que m\u00e1s j\u00f3venes puedan encontrar en el arte un camino para su crecimiento\u201d, recalc\u00f3. <\/p>\n\n\n\n<p><strong><em>ET \/ DCI Alcald\u00eda de Maracaibo<\/em><\/strong><\/p>\n\n\n\n<p><\/p>\n","protected":false},"excerpt":{"rendered":"<p>ENTRE TORMENTAS. La Alcald\u00eda de Maracaibo a trav\u00e9s de la Direcci\u00f3n de Cultura celebra con&#8230;<\/p>\n","protected":false},"author":2,"featured_media":15898,"comment_status":"closed","ping_status":"open","sticky":false,"template":"","format":"standard","meta":{"footnotes":""},"categories":[57,1],"tags":[],"class_list":["post-15894","post","type-post","status-publish","format-standard","has-post-thumbnail","hentry","category-actualidad","category-regionales"],"_links":{"self":[{"href":"https:\/\/entretormentas.com\/index.php?rest_route=\/wp\/v2\/posts\/15894","targetHints":{"allow":["GET"]}}],"collection":[{"href":"https:\/\/entretormentas.com\/index.php?rest_route=\/wp\/v2\/posts"}],"about":[{"href":"https:\/\/entretormentas.com\/index.php?rest_route=\/wp\/v2\/types\/post"}],"author":[{"embeddable":true,"href":"https:\/\/entretormentas.com\/index.php?rest_route=\/wp\/v2\/users\/2"}],"replies":[{"embeddable":true,"href":"https:\/\/entretormentas.com\/index.php?rest_route=%2Fwp%2Fv2%2Fcomments&post=15894"}],"version-history":[{"count":1,"href":"https:\/\/entretormentas.com\/index.php?rest_route=\/wp\/v2\/posts\/15894\/revisions"}],"predecessor-version":[{"id":15899,"href":"https:\/\/entretormentas.com\/index.php?rest_route=\/wp\/v2\/posts\/15894\/revisions\/15899"}],"wp:featuredmedia":[{"embeddable":true,"href":"https:\/\/entretormentas.com\/index.php?rest_route=\/wp\/v2\/media\/15898"}],"wp:attachment":[{"href":"https:\/\/entretormentas.com\/index.php?rest_route=%2Fwp%2Fv2%2Fmedia&parent=15894"}],"wp:term":[{"taxonomy":"category","embeddable":true,"href":"https:\/\/entretormentas.com\/index.php?rest_route=%2Fwp%2Fv2%2Fcategories&post=15894"},{"taxonomy":"post_tag","embeddable":true,"href":"https:\/\/entretormentas.com\/index.php?rest_route=%2Fwp%2Fv2%2Ftags&post=15894"}],"curies":[{"name":"wp","href":"https:\/\/api.w.org\/{rel}","templated":true}]}}