{"id":15912,"date":"2025-04-30T01:39:33","date_gmt":"2025-04-29T23:39:33","guid":{"rendered":"https:\/\/entretormentas.com\/?p=15912"},"modified":"2025-04-30T01:40:32","modified_gmt":"2025-04-29T23:40:32","slug":"omar-barboza-la-campana-electoral-no-debe-ser-un-torneo-de-descalificaciones","status":"publish","type":"post","link":"https:\/\/entretormentas.com\/omar-barboza-la-campana-electoral-no-debe-ser-un-torneo-de-descalificaciones\/","title":{"rendered":"OMAR BARBOZA: \u00abLa campa\u00f1a electoral no debe ser un torneo de descalificaciones\u00bb"},"content":{"rendered":"\n<p><strong>ENTRE TORMENTAS.<\/strong> El exsecretario ejecutivo de la Plataforma Unitaria Democr\u00e1tica (PUD), Omar Barboza, cree que \u00abvotar es una manera de mantener la resistencia democr\u00e1tica, porque abstenerse para defender lo ocurrido el 28 de julio es una conducta comprensible, pero cuando no est\u00e1 acompa\u00f1ada de un plan, conduce a la inmovilizaci\u00f3n y la desesperanza\u00bb.<\/p>\n\n\n\n<p>Barboza recalc\u00f3 que todos los que est\u00e1n de acuerdo con el cambio pol\u00edtico por la v\u00eda democr\u00e1tica, \u00abdeben evitar que la actual coyuntura pol\u00edtica se convierta en un torneo de descalificaciones entre nosotros mismos, cuando debemos estar conscientes de que m\u00e1s adelante deber\u00edamos unirnos para hacer posible el objetivo com\u00fan\u00bb, precis\u00f3.<\/p>\n\n\n\n<p>\u00abRespetemos las diferencias t\u00e1cticas o de otro tipo entre nosotros aunque cada parte considere tener los mejores argumentos para sustentar su posicion. Una conducta diferente s\u00f3lo favorece al verdadero adversario que es el Gobierno\u00bb, indic\u00f3 el l\u00edder pol\u00edtico.<\/p>\n\n\n\n<p>Barboza Guti\u00e9rrez considera que \u00abvotar es una manera de mantener la resistencia democr\u00e1tica\u00bb. Acot\u00f3 que abstenerse para defender lo ocurrido el 28 de julio es una conducta comprensible, pero cuando no est\u00e1 acompa\u00f1ada de un plan de acci\u00f3n conocido para hacer valer ese resultado, conduce a la inmovilizaci\u00f3n y la desesperanza.<br><strong><em>ET \/ Nota de Prensa<\/em><\/strong><\/p>\n\n\n\n<p><\/p>\n","protected":false},"excerpt":{"rendered":"<p>ENTRE TORMENTAS. El exsecretario ejecutivo de la Plataforma Unitaria Democr\u00e1tica (PUD), Omar Barboza, cree que&#8230;<\/p>\n","protected":false},"author":2,"featured_media":15914,"comment_status":"closed","ping_status":"open","sticky":false,"template":"","format":"standard","meta":{"footnotes":""},"categories":[56,49],"tags":[],"class_list":["post-15912","post","type-post","status-publish","format-standard","has-post-thumbnail","hentry","category-destacadas","category-nacionales"],"_links":{"self":[{"href":"https:\/\/entretormentas.com\/index.php?rest_route=\/wp\/v2\/posts\/15912","targetHints":{"allow":["GET"]}}],"collection":[{"href":"https:\/\/entretormentas.com\/index.php?rest_route=\/wp\/v2\/posts"}],"about":[{"href":"https:\/\/entretormentas.com\/index.php?rest_route=\/wp\/v2\/types\/post"}],"author":[{"embeddable":true,"href":"https:\/\/entretormentas.com\/index.php?rest_route=\/wp\/v2\/users\/2"}],"replies":[{"embeddable":true,"href":"https:\/\/entretormentas.com\/index.php?rest_route=%2Fwp%2Fv2%2Fcomments&post=15912"}],"version-history":[{"count":1,"href":"https:\/\/entretormentas.com\/index.php?rest_route=\/wp\/v2\/posts\/15912\/revisions"}],"predecessor-version":[{"id":15913,"href":"https:\/\/entretormentas.com\/index.php?rest_route=\/wp\/v2\/posts\/15912\/revisions\/15913"}],"wp:featuredmedia":[{"embeddable":true,"href":"https:\/\/entretormentas.com\/index.php?rest_route=\/wp\/v2\/media\/15914"}],"wp:attachment":[{"href":"https:\/\/entretormentas.com\/index.php?rest_route=%2Fwp%2Fv2%2Fmedia&parent=15912"}],"wp:term":[{"taxonomy":"category","embeddable":true,"href":"https:\/\/entretormentas.com\/index.php?rest_route=%2Fwp%2Fv2%2Fcategories&post=15912"},{"taxonomy":"post_tag","embeddable":true,"href":"https:\/\/entretormentas.com\/index.php?rest_route=%2Fwp%2Fv2%2Ftags&post=15912"}],"curies":[{"name":"wp","href":"https:\/\/api.w.org\/{rel}","templated":true}]}}