{"id":15927,"date":"2025-04-30T10:29:40","date_gmt":"2025-04-30T08:29:40","guid":{"rendered":"https:\/\/entretormentas.com\/?p=15927"},"modified":"2025-04-30T10:29:41","modified_gmt":"2025-04-30T08:29:41","slug":"perdidas-millonarias-espana-recobra-normalidad-al-recuperar-9995-de-la-demanda-electrica","status":"publish","type":"post","link":"https:\/\/entretormentas.com\/perdidas-millonarias-espana-recobra-normalidad-al-recuperar-9995-de-la-demanda-electrica\/","title":{"rendered":"\u00a1P\u00c9RDIDAS MILLONARIAS! Espa\u00f1a recobra normalidad al recuperar 99,95% de la demanda el\u00e9ctrica"},"content":{"rendered":"\n<p><strong>ENTRE TORMENTAS. <\/strong>Espa\u00f1a ha recuperado el 99,95% de la demanda energ\u00e9tica peninsular (25.794 megavatios), un hito que se alcanz\u00f3 a las 07.00 horas de la ma\u00f1ana de este martes en todo el territorio afectado por el apag\u00f3n que se inici\u00f3 poco despu\u00e9s del mediod\u00eda del lunes.<\/p>\n\n\n\n<p>Adem\u00e1s, y seg\u00fan datos de Red El\u00e9ctrica \u2013el gestor energ\u00e9tico\u2013 y del Ministerio espa\u00f1ol de Transici\u00f3n Ecol\u00f3gica, el 100 % de las subestaciones de la red de transporte de electricidad ya est\u00e1n en servicio.<\/p>\n\n\n\n<p>En cualquier caso, contin\u00faan las labores de reposici\u00f3n desde el Centro de Control El\u00e9ctrico para tratar de recuperar cuanto antes la plena normalidad tras el apag\u00f3n el\u00e9ctrico masivo que afect\u00f3 a toda la Pen\u00ednsula Ib\u00e9rica.<\/p>\n\n\n\n<figure class=\"wp-block-image size-full\"><img fetchpriority=\"high\" decoding=\"async\" width=\"768\" height=\"450\" src=\"https:\/\/entretormentas.com\/wp-content\/uploads\/2025\/04\/APAGON2.jpeg\" alt=\"\" class=\"wp-image-15928\" srcset=\"https:\/\/entretormentas.com\/wp-content\/uploads\/2025\/04\/APAGON2.jpeg 768w, https:\/\/entretormentas.com\/wp-content\/uploads\/2025\/04\/APAGON2-300x176.jpeg 300w\" sizes=\"(max-width: 768px) 100vw, 768px\" \/><\/figure>\n\n\n\n<p>Seg\u00fan ha informado Iberdrola a trav\u00e9s de la red social X, a las 7.00 horas el 100 % de sus clientes ya hab\u00edan recobrado el suministro energ\u00e9tico.<\/p>\n\n\n\n<p>En el caso de Endesa, a las 8.00 horas en torno al 90% de sus usuarios (9,54 millones) ya hab\u00edan recuperado la electricidad en los territorios afectados.<\/p>\n\n\n\n<p><strong>EVAL\u00daAN LAS POSIBLES CAUSAS<\/strong><br>El apag\u00f3n comenz\u00f3 este lunes, a las 12:33 horas tras la \u00abdesaparici\u00f3n s\u00fabita\u00bb de 15 gigavativos de potencia en tan solo cinco segundos, que supon\u00edan el 60% del suministro el\u00e9ctrico a esa hora en toda Espa\u00f1a, por razones que a\u00fan se investigan.<\/p>\n\n\n\n<p>Seg\u00fan Red El\u00e9ctrica, se produjo una fuerte oscilaci\u00f3n del flujo de potencia de redes acompa\u00f1ado de una p\u00e9rdida de generaci\u00f3n \u00abmuy importante\u00bb, pero a\u00fan no se ha podido determinar qu\u00e9 ha provocado este suceso.<\/p>\n\n\n\n<p><strong>P\u00c9RDIDAS DE MIL 600 MILLONES DE EUROS<\/strong><br>El presidente de la patronal CEOE, Antonio Garamendi, ha cifrado en el 0,1 % del PIB, unos 1.600 millones de euros, el impacto del apag\u00f3n sufrido ayer y ha apuntado al Consorcio de Compensaci\u00f3n de Seguros ante eventuales reclamaciones.<\/p>\n\n\n\n<p>\u00abEs much\u00edsimo impacto\u00bb, ha se\u00f1alado Garamendi en declaraciones a los medios en el desayuno de Nueva Econom\u00eda Forum, donde ha puesto como ejemplo que las refiner\u00edas van a tardar semanas en ponerse en marcha o el da\u00f1o que han podido sufrir los altos hornos de la industria.<\/p>\n\n\n\n<figure class=\"wp-block-image size-large\"><img decoding=\"async\" width=\"1024\" height=\"768\" src=\"https:\/\/entretormentas.com\/wp-content\/uploads\/2025\/04\/APAGON1-1024x768.jpeg\" alt=\"\" class=\"wp-image-15929\" srcset=\"https:\/\/entretormentas.com\/wp-content\/uploads\/2025\/04\/APAGON1-1024x768.jpeg 1024w, https:\/\/entretormentas.com\/wp-content\/uploads\/2025\/04\/APAGON1-300x225.jpeg 300w, https:\/\/entretormentas.com\/wp-content\/uploads\/2025\/04\/APAGON1-768x576.jpeg 768w, https:\/\/entretormentas.com\/wp-content\/uploads\/2025\/04\/APAGON1.jpeg 1280w\" sizes=\"(max-width: 1024px) 100vw, 1024px\" \/><\/figure>\n\n\n\n<p>Sobre eventuales compensaciones, el l\u00edder los empresarios ha afirmado que a\u00fan se est\u00e1 mirando \u00abpero que puede ser algo que corresponda al Consorcio de Compensaci\u00f3n de Seguros\u00bb.<\/p>\n\n\n\n<p>Garamendi tambi\u00e9n ha lamentado que no hubiera m\u00e1s informaci\u00f3n sobre los ocurrido. \u00abYo creo que el Gobierno ten\u00eda que haber estado m\u00e1s r\u00e1pido y ten\u00eda que estar de una forma permanente informando\u00bb, ha apuntado.<\/p>\n\n\n\n<p>Tambi\u00e9n ha afeado que el Ministerio de Trabajo tuviera que se\u00f1alar ayer que tienen que ser los empresarios los que asuman el costo de las ausencias laborales.<\/p>\n\n\n\n<p>\u00abNo nos tienen que dar avisos porque ya sabemos qu\u00e9 hacer por pura responsabilidad social, que es lo que hacemos permanentemente\u00bb, ha a\u00f1adido.<br><strong><em>ET \/ EFE<\/em><\/strong><\/p>\n\n\n\n<p><\/p>\n","protected":false},"excerpt":{"rendered":"<p>ENTRE TORMENTAS. Espa\u00f1a ha recuperado el 99,95% de la demanda energ\u00e9tica peninsular (25.794 megavatios), un&#8230;<\/p>\n","protected":false},"author":2,"featured_media":15930,"comment_status":"closed","ping_status":"open","sticky":false,"template":"","format":"standard","meta":{"footnotes":""},"categories":[56,48],"tags":[],"class_list":["post-15927","post","type-post","status-publish","format-standard","has-post-thumbnail","hentry","category-destacadas","category-internacionales"],"_links":{"self":[{"href":"https:\/\/entretormentas.com\/index.php?rest_route=\/wp\/v2\/posts\/15927","targetHints":{"allow":["GET"]}}],"collection":[{"href":"https:\/\/entretormentas.com\/index.php?rest_route=\/wp\/v2\/posts"}],"about":[{"href":"https:\/\/entretormentas.com\/index.php?rest_route=\/wp\/v2\/types\/post"}],"author":[{"embeddable":true,"href":"https:\/\/entretormentas.com\/index.php?rest_route=\/wp\/v2\/users\/2"}],"replies":[{"embeddable":true,"href":"https:\/\/entretormentas.com\/index.php?rest_route=%2Fwp%2Fv2%2Fcomments&post=15927"}],"version-history":[{"count":1,"href":"https:\/\/entretormentas.com\/index.php?rest_route=\/wp\/v2\/posts\/15927\/revisions"}],"predecessor-version":[{"id":15931,"href":"https:\/\/entretormentas.com\/index.php?rest_route=\/wp\/v2\/posts\/15927\/revisions\/15931"}],"wp:featuredmedia":[{"embeddable":true,"href":"https:\/\/entretormentas.com\/index.php?rest_route=\/wp\/v2\/media\/15930"}],"wp:attachment":[{"href":"https:\/\/entretormentas.com\/index.php?rest_route=%2Fwp%2Fv2%2Fmedia&parent=15927"}],"wp:term":[{"taxonomy":"category","embeddable":true,"href":"https:\/\/entretormentas.com\/index.php?rest_route=%2Fwp%2Fv2%2Fcategories&post=15927"},{"taxonomy":"post_tag","embeddable":true,"href":"https:\/\/entretormentas.com\/index.php?rest_route=%2Fwp%2Fv2%2Ftags&post=15927"}],"curies":[{"name":"wp","href":"https:\/\/api.w.org\/{rel}","templated":true}]}}