{"id":15932,"date":"2025-04-30T10:33:08","date_gmt":"2025-04-30T08:33:08","guid":{"rendered":"https:\/\/entretormentas.com\/?p=15932"},"modified":"2025-04-30T10:33:08","modified_gmt":"2025-04-30T08:33:08","slug":"en-los-ultimos-10-anos-aumenta-la-informalidad-laboral-en-venezuela","status":"publish","type":"post","link":"https:\/\/entretormentas.com\/en-los-ultimos-10-anos-aumenta-la-informalidad-laboral-en-venezuela\/","title":{"rendered":"\u00a1EN LOS \u00daLTIMOS 10 A\u00d1OS! Aumenta la informalidad laboral en Venezuela"},"content":{"rendered":"\n<p><strong>ENTRE TORMENTAS. <\/strong>La informalidad laboral en Venezuela ha experimentado un significativo aumento en la \u00faltima d\u00e9cada, alcanzando niveles alarmantes seg\u00fan la profesora Rosa Amelia Gonz\u00e1lez, experta en pol\u00edticas p\u00fablicas del IESA y la Universidad de los Andes.<\/p>\n\n\n\n<p>Gonz\u00e1lez, tambi\u00e9n representante institucional del TESA y miembro de la RED INPAE, se\u00f1al\u00f3 que este fen\u00f3meno refleja una compleja interacci\u00f3n entre factores demogr\u00e1ficos, econ\u00f3micos y regulatorios.<\/p>\n\n\n\n<p>La experta defini\u00f3 la informalidad laboral como el conjunto de actividades econ\u00f3micas que eluden las regulaciones laborales, dejando a los trabajadores sin beneficios, salario m\u00ednimo garantizado ni protecci\u00f3n social. Esta situaci\u00f3n, seg\u00fan Gonz\u00e1lez, no es una simple elecci\u00f3n, sino una necesidad para muchos venezolanos que carecen de alternativas.<\/p>\n\n\n\n<p>\u00abVenezuela es uno de los pa\u00edses donde la informalidad, lejos de ser una opci\u00f3n, se convierte en la \u00fanica salida para quienes no tienen otra posibilidad\u00bb, afirma.<\/p>\n\n\n\n<figure class=\"wp-block-image size-large\"><img fetchpriority=\"high\" decoding=\"async\" width=\"1024\" height=\"682\" src=\"https:\/\/entretormentas.com\/wp-content\/uploads\/2025\/04\/INFORMAL2-1024x682.jpeg\" alt=\"\" class=\"wp-image-15933\" srcset=\"https:\/\/entretormentas.com\/wp-content\/uploads\/2025\/04\/INFORMAL2-1024x682.jpeg 1024w, https:\/\/entretormentas.com\/wp-content\/uploads\/2025\/04\/INFORMAL2-300x200.jpeg 300w, https:\/\/entretormentas.com\/wp-content\/uploads\/2025\/04\/INFORMAL2-768x512.jpeg 768w, https:\/\/entretormentas.com\/wp-content\/uploads\/2025\/04\/INFORMAL2.jpeg 1280w\" sizes=\"(max-width: 1024px) 100vw, 1024px\" \/><\/figure>\n\n\n\n<p>Gonz\u00e1lez destac\u00f3 la influencia de factores demogr\u00e1ficos y la desvalorizaci\u00f3n del trabajo en las nuevas generaciones, creando una combinaci\u00f3n de intereses individuales y circunstancias adversas que impulsan la informalidad. Adem\u00e1s, la compleja normativa y las fiscalizaciones gubernamentales incentivan a las empresas, incluso grandes, a optar por la informalidad para evitar costos y tr\u00e1mites, detalla Mundo UR.<\/p>\n\n\n\n<p>Si bien la informalidad permite la continuidad de actividades econ\u00f3micas y la evasi\u00f3n de controles, presenta importantes desventajas. Gonz\u00e1lez advierte sobre la mayor vulnerabilidad de patrones, trabajadores y clientes en este sector, enfatizando la falta de una pol\u00edtica integral que aborde el problema.<\/p>\n\n\n\n<p>\u00abNo hay nadie que vea la pel\u00edcula completa y tome medidas que armonicen la situaci\u00f3n\u00bb, lamenta.<\/p>\n\n\n\n<p>Un dato preocupante revelado por el an\u00e1lisis de Gonz\u00e1lez es el cambio en la composici\u00f3n sectorial del empleo. La mayor\u00eda de los venezolanos se encuentran en sectores de bajo valor agregado como servicios personales, reparaciones y servicios varios, lo cual afecta significativamente el crecimiento econ\u00f3mico del pa\u00eds. La experta se\u00f1al\u00f3 que \u00abno hay nadie que haga una armonizaci\u00f3n de todo eso y vea la pel\u00edcula completa y sea capaz de tomar medidas que armonicen esas cosas, cada ente est\u00e1 haciendo su trabajo de manera aislada y eso no ayuda\u00bb.<br><strong><em>ET \/ Agencias<\/em><\/strong><\/p>\n","protected":false},"excerpt":{"rendered":"<p>ENTRE TORMENTAS. La informalidad laboral en Venezuela ha experimentado un significativo aumento en la \u00faltima&#8230;<\/p>\n","protected":false},"author":2,"featured_media":15934,"comment_status":"closed","ping_status":"open","sticky":false,"template":"","format":"standard","meta":{"footnotes":""},"categories":[56,49],"tags":[],"class_list":["post-15932","post","type-post","status-publish","format-standard","has-post-thumbnail","hentry","category-destacadas","category-nacionales"],"_links":{"self":[{"href":"https:\/\/entretormentas.com\/index.php?rest_route=\/wp\/v2\/posts\/15932","targetHints":{"allow":["GET"]}}],"collection":[{"href":"https:\/\/entretormentas.com\/index.php?rest_route=\/wp\/v2\/posts"}],"about":[{"href":"https:\/\/entretormentas.com\/index.php?rest_route=\/wp\/v2\/types\/post"}],"author":[{"embeddable":true,"href":"https:\/\/entretormentas.com\/index.php?rest_route=\/wp\/v2\/users\/2"}],"replies":[{"embeddable":true,"href":"https:\/\/entretormentas.com\/index.php?rest_route=%2Fwp%2Fv2%2Fcomments&post=15932"}],"version-history":[{"count":1,"href":"https:\/\/entretormentas.com\/index.php?rest_route=\/wp\/v2\/posts\/15932\/revisions"}],"predecessor-version":[{"id":15935,"href":"https:\/\/entretormentas.com\/index.php?rest_route=\/wp\/v2\/posts\/15932\/revisions\/15935"}],"wp:featuredmedia":[{"embeddable":true,"href":"https:\/\/entretormentas.com\/index.php?rest_route=\/wp\/v2\/media\/15934"}],"wp:attachment":[{"href":"https:\/\/entretormentas.com\/index.php?rest_route=%2Fwp%2Fv2%2Fmedia&parent=15932"}],"wp:term":[{"taxonomy":"category","embeddable":true,"href":"https:\/\/entretormentas.com\/index.php?rest_route=%2Fwp%2Fv2%2Fcategories&post=15932"},{"taxonomy":"post_tag","embeddable":true,"href":"https:\/\/entretormentas.com\/index.php?rest_route=%2Fwp%2Fv2%2Ftags&post=15932"}],"curies":[{"name":"wp","href":"https:\/\/api.w.org\/{rel}","templated":true}]}}