{"id":15974,"date":"2025-05-01T08:46:14","date_gmt":"2025-05-01T06:46:14","guid":{"rendered":"https:\/\/entretormentas.com\/?p=15974"},"modified":"2025-05-01T08:46:15","modified_gmt":"2025-05-01T06:46:15","slug":"apoyo-a-emprendedores-gobernador-rosales-certifica-a-800-nuevos-egresados-del-programa-francisco-ochoa","status":"publish","type":"post","link":"https:\/\/entretormentas.com\/apoyo-a-emprendedores-gobernador-rosales-certifica-a-800-nuevos-egresados-del-programa-francisco-ochoa\/","title":{"rendered":"\u00a1APOYO A EMPRENDEDORES! Gobernador Rosales certifica a 800 nuevos egresados del Programa \u00abFrancisco Ochoa\u00bb"},"content":{"rendered":"\n<p><strong>ENTRE TORMENTAS. <\/strong>La tarde de este martes, 29 de abril, el Gobernador del estado Zulia, Manuel Rosales, entreg\u00f3 certificados del Programa \u00abFrancisco Ochoa\u00bb a 800 egresados en las carreras de Cuidados Geri\u00e1tricos, Asistente de Bioan\u00e1lisis, Plomer\u00eda, Mec\u00e1nica Automotriz, Herrer\u00eda, Electricidad Residencial, Carpinter\u00eda, Reparaci\u00f3n de PC y de Celulares, que cuentan con el aval de la Universidad del Zulia y del Instituto Universitario San Francisco.<\/p>\n\n\n\n<p>En el Aula Magna de la Universidad \u00abRafael Urdaneta\u00bb, el gobernador Manuel Rosales se dirigi\u00f3 a quienes hoy culminan sus carreras, gracias al Programa \u00abFrancisco Ochoa\u00bb, que surgi\u00f3 en 2006, dirigido a j\u00f3venes y adultos, sin acceso a la educaci\u00f3n regular y se erigi\u00f3 como catalizador de profundo impacto social e impulsor del desarrollo empresarial en la regi\u00f3n.<\/p>\n\n\n\n<figure class=\"wp-block-image size-large\"><img fetchpriority=\"high\" decoding=\"async\" width=\"1024\" height=\"682\" src=\"https:\/\/entretormentas.com\/wp-content\/uploads\/2025\/05\/EMPRENDEDORES2-1024x682.jpeg\" alt=\"\" class=\"wp-image-15975\" srcset=\"https:\/\/entretormentas.com\/wp-content\/uploads\/2025\/05\/EMPRENDEDORES2-1024x682.jpeg 1024w, https:\/\/entretormentas.com\/wp-content\/uploads\/2025\/05\/EMPRENDEDORES2-300x200.jpeg 300w, https:\/\/entretormentas.com\/wp-content\/uploads\/2025\/05\/EMPRENDEDORES2-768x512.jpeg 768w, https:\/\/entretormentas.com\/wp-content\/uploads\/2025\/05\/EMPRENDEDORES2-1536x1024.jpeg 1536w, https:\/\/entretormentas.com\/wp-content\/uploads\/2025\/05\/EMPRENDEDORES2-2048x1365.jpeg 2048w\" sizes=\"(max-width: 1024px) 100vw, 1024px\" \/><\/figure>\n\n\n\n<p>Rosales inici\u00f3 su discurso citando un proverbios tibetano: \u00abUn ni\u00f1o sin educaci\u00f3n es como un p\u00e1jaro sin alas.\u201d y continu\u00f3: Con alas, un p\u00e1jaro puede cumplir su destino y alzar el vuelo. De la misma manera, una persona con acceso a la educaci\u00f3n puede alcanzar su m\u00e1ximo potencial y ayudar a quienes lo rodean a prosperar\u00bb.<\/p>\n\n\n\n<p>Rosales manifest\u00f3 que la educaci\u00f3n contin\u00faa y la capacitaci\u00f3n son pilares fundamentales para enfrentar los desaf\u00edos de un mundo en constante cambio. \u00abDesde ya, los felicito en nombre del Zulia y hago extensivo mi reconocimiento a sus seres queridos, porque desde este momento ustedes, con mucho orgullo, inician un camino productivo, bonito y emocionante\u00bb.<\/p>\n\n\n\n<p>El Gobernador agradeci\u00f3 a la Universidad del Zulia y al Instituto Universitario San Francisco por hacer posible esta alianza con la Gobernaci\u00f3n del Zulia. Una alianza que eleva el nivel educativo y cualitativo del Programa \u00abFrancisco Ochoa\u00bb. \u00abLo digo sin jactancia, pero programas como la Rob\u00f3tica y la Inteligencia Artificial, el JEL, Saber y Emprender y Francisco Ochoa gozan de un prestigio que trasciende fronteras\u00bb.<\/p>\n\n\n\n<p>Y a\u00f1adi\u00f3 que el impacto del Programa \u00abFrancisco Ocha\u00bb va m\u00e1s all\u00e1 de la formaci\u00f3n individual. \u00abCada persona capacitada representa una semilla de cambio en su comunidad. Los egresados se convierten en agentes activos de desarrollo, capaces de generar empleo, mejorar la productividad de sus familias y contribuir al crecimiento econ\u00f3mico de la regi\u00f3n\u00bb.<\/p>\n\n\n\n<p>Destac\u00f3 que al asumir la Gobernaci\u00f3n el 10 de diciembre de 2021, experiment\u00f3 una profunda frustraci\u00f3n con la situaci\u00f3n encontrada. \u00abLa tristeza que embargaba al Zulia se reflejaba en las aulas con la misma resignaci\u00f3n que se percib\u00eda en las calles, el comercio y las industrias. Era una desolaci\u00f3n comparable a la del Mercado Las Pulgas, desmantelado por la destrucci\u00f3n en aquellos a\u00f1os aciagos\u00bb.<\/p>\n\n\n\n<p>Hizo referencia que el Programa \u00abFrancisco Ocha\u00bb se vio afectado por la situaci\u00f3n anterior. Sin embargo, con el regreso del sello de Manuel Rosales, esa etapa dif\u00edcil qued\u00f3 atr\u00e1s. \u00abSomos la alegr\u00eda, la paz y el amor\u201d.<\/p>\n\n\n\n<p>Expres\u00f3 que se trata de oficios muy necesarios en la actualidad y una oportunidad para j\u00f3venes y adultos. \u00abDe todos estos certificados, el que m\u00e1s nos conmueve, sin menospreciar a los dem\u00e1s, es el de Cuidados Geri\u00e1tricos. Esto se debe a que, con la di\u00e1spora, muchos hogares se vieron afectados y son miles los abuelos que hoy necesitan de apoyo. Cuando decimos que estamos cuidando a los seres queridos de quienes est\u00e1n lejos, es porque los abuelos zulianos tienen en nosotros una mano amiga\u00bb.<\/p>\n\n\n\n<figure class=\"wp-block-image size-large\"><img decoding=\"async\" width=\"1024\" height=\"682\" src=\"https:\/\/entretormentas.com\/wp-content\/uploads\/2025\/05\/EMPRENDEDORES3-1024x682.jpeg\" alt=\"\" class=\"wp-image-15976\" srcset=\"https:\/\/entretormentas.com\/wp-content\/uploads\/2025\/05\/EMPRENDEDORES3-1024x682.jpeg 1024w, https:\/\/entretormentas.com\/wp-content\/uploads\/2025\/05\/EMPRENDEDORES3-300x200.jpeg 300w, https:\/\/entretormentas.com\/wp-content\/uploads\/2025\/05\/EMPRENDEDORES3-768x512.jpeg 768w, https:\/\/entretormentas.com\/wp-content\/uploads\/2025\/05\/EMPRENDEDORES3-1536x1024.jpeg 1536w, https:\/\/entretormentas.com\/wp-content\/uploads\/2025\/05\/EMPRENDEDORES3-2048x1365.jpeg 2048w\" sizes=\"(max-width: 1024px) 100vw, 1024px\" \/><\/figure>\n\n\n\n<p>El gobernador Manuel Rosales afirm\u00f3 que esta gesti\u00f3n no se limita a hospitales ni centros cl\u00ednicos. \u00abSi bien esa ha sido una prioridad evidente, nuestros abuelos ocupan un lugar de amor y solidaridad muy especial en nuestros corazones\u00bb.<\/p>\n\n\n\n<p>Adem\u00e1s, apunt\u00f3, que el Programa \u00abFrancisco Ochoa\u00bb es un faro de esperanza y un modelo de c\u00f3mo la inversi\u00f3n en educaci\u00f3n puede transformar vidas. \u00abContinuemos construyendo un futuro donde cada joven y adulto tenga la oportunidad de alcanzar sus sue\u00f1os y contribuir al desarrollo de nuestra amada regi\u00f3n zuliana\u00bb.<\/p>\n\n\n\n<p>Recomend\u00f3 a quienes emprendan sus propios negocios que lleven presente el esp\u00edritu solidario. \u00abBrinden un servicio excelente, ofrezcan garant\u00edas de calidad y no olviden los precios justos. Recuerden que llevan el ejemplo de Francisco Ochoa y que, a pesar de las diferencias, todos somos hermanos zulianos. Por nuestra parte, seguiremos por los caminos del Zulia, defendiendo, metro a metro, esta tierra, porque volveremos a ser la regi\u00f3n m\u00e1s pujante de Venezuela\u00bb.<br><strong><em>ET \/ Nota de Prensa<\/em><\/strong><\/p>\n\n\n\n<p><\/p>\n","protected":false},"excerpt":{"rendered":"<p>ENTRE TORMENTAS. La tarde de este martes, 29 de abril, el Gobernador del estado Zulia,&#8230;<\/p>\n","protected":false},"author":2,"featured_media":15977,"comment_status":"closed","ping_status":"open","sticky":false,"template":"","format":"standard","meta":{"footnotes":""},"categories":[57,1],"tags":[],"class_list":["post-15974","post","type-post","status-publish","format-standard","has-post-thumbnail","hentry","category-actualidad","category-regionales"],"_links":{"self":[{"href":"https:\/\/entretormentas.com\/index.php?rest_route=\/wp\/v2\/posts\/15974","targetHints":{"allow":["GET"]}}],"collection":[{"href":"https:\/\/entretormentas.com\/index.php?rest_route=\/wp\/v2\/posts"}],"about":[{"href":"https:\/\/entretormentas.com\/index.php?rest_route=\/wp\/v2\/types\/post"}],"author":[{"embeddable":true,"href":"https:\/\/entretormentas.com\/index.php?rest_route=\/wp\/v2\/users\/2"}],"replies":[{"embeddable":true,"href":"https:\/\/entretormentas.com\/index.php?rest_route=%2Fwp%2Fv2%2Fcomments&post=15974"}],"version-history":[{"count":1,"href":"https:\/\/entretormentas.com\/index.php?rest_route=\/wp\/v2\/posts\/15974\/revisions"}],"predecessor-version":[{"id":15978,"href":"https:\/\/entretormentas.com\/index.php?rest_route=\/wp\/v2\/posts\/15974\/revisions\/15978"}],"wp:featuredmedia":[{"embeddable":true,"href":"https:\/\/entretormentas.com\/index.php?rest_route=\/wp\/v2\/media\/15977"}],"wp:attachment":[{"href":"https:\/\/entretormentas.com\/index.php?rest_route=%2Fwp%2Fv2%2Fmedia&parent=15974"}],"wp:term":[{"taxonomy":"category","embeddable":true,"href":"https:\/\/entretormentas.com\/index.php?rest_route=%2Fwp%2Fv2%2Fcategories&post=15974"},{"taxonomy":"post_tag","embeddable":true,"href":"https:\/\/entretormentas.com\/index.php?rest_route=%2Fwp%2Fv2%2Ftags&post=15974"}],"curies":[{"name":"wp","href":"https:\/\/api.w.org\/{rel}","templated":true}]}}