{"id":15997,"date":"2025-05-01T09:51:02","date_gmt":"2025-05-01T07:51:02","guid":{"rendered":"https:\/\/entretormentas.com\/?p=15997"},"modified":"2025-05-01T09:51:03","modified_gmt":"2025-05-01T07:51:03","slug":"en-la-mira-onu-fustiga-a-ee-uu-y-a-el-salvador-por-deportacion-y-trato-de-252-venezolanos","status":"publish","type":"post","link":"https:\/\/entretormentas.com\/en-la-mira-onu-fustiga-a-ee-uu-y-a-el-salvador-por-deportacion-y-trato-de-252-venezolanos\/","title":{"rendered":"\u00a1EN LA MIRA! ONU fustiga a EE.UU. y a El Salvador por deportaci\u00f3n y trato de 252 venezolanos"},"content":{"rendered":"\n<p><strong>ENTRE TORMENTAS. <\/strong>Expertos en derechos humanos de Naciones Unidas (ONU) expresaron este mi\u00e9rcoles la profunda preocupaci\u00f3n por las deportaciones ilegales desde Estados Unidos a El Salvador, de m\u00e1s de 250 hombres venezolanos y salvadore\u00f1os, a quienes vinculan con pandillas delincuenciales.<\/p>\n\n\n\n<p>\u201cLa Ley de los enemigos de los extranjeros de 1798 parece haber sido mal aplicada para negar el debido proceso, la revisi\u00f3n independiente y el acceso a los tribunales, en contravenci\u00f3n del derecho internacional de los derechos humanos. La falta de debido proceso result\u00f3 en decisiones arbitrarias de deportaci\u00f3n contra muchas personas que al parecer no estaban involucradas con pandillas\u201d.<\/p>\n\n\n\n<p>Los expertos aseguran que las decisiones son claramente inadecuadas para determinar si las personas corr\u00edan el riesgo de graves violaciones de los derechos humanos en El Salvador. \u201cLas decisiones tampoco parec\u00edan tener en cuenta el impacto en el derecho a la vida familiar y el inter\u00e9s superior de los ni\u00f1os, as\u00ed como los distintos efectos de las medidas de seguridad en los derechos de la mujer\u201d.<\/p>\n\n\n\n<figure class=\"wp-block-image size-large\"><img fetchpriority=\"high\" decoding=\"async\" width=\"1024\" height=\"576\" src=\"https:\/\/entretormentas.com\/wp-content\/uploads\/2025\/05\/salvador2-1024x576.jpg\" alt=\"\" class=\"wp-image-15998\" srcset=\"https:\/\/entretormentas.com\/wp-content\/uploads\/2025\/05\/salvador2-1024x576.jpg 1024w, https:\/\/entretormentas.com\/wp-content\/uploads\/2025\/05\/salvador2-300x169.jpg 300w, https:\/\/entretormentas.com\/wp-content\/uploads\/2025\/05\/salvador2-768x432.jpg 768w, https:\/\/entretormentas.com\/wp-content\/uploads\/2025\/05\/salvador2.jpg 1199w\" sizes=\"(max-width: 1024px) 100vw, 1024px\" \/><\/figure>\n\n\n\n<p>Asimismo, resaltan que el derecho internacional proh\u00edbe deportar a una persona a un lugar en el que exista un riesgo considerable de privaci\u00f3n arbitraria de la vida, tortura y\/o tratos o penas crueles, inhumanos o degradantes, desaparici\u00f3n forzada, detenci\u00f3n arbitraria, juicio injusto u otro da\u00f1o irreparable.<\/p>\n\n\n\n<p>En este contexto, los expertos expresaron su profunda preocupaci\u00f3n por las c\u00e1rceles de El Salvador, donde se han reportado muertes, torturas y malos tratos, violencia entre presos y desapariciones forzadas. Las condiciones carcelarias son presuntamente inhumanas, contrarias a las normas internacionales, con detenidos en jaulas hacinadas, encasilladas, sin necesidades desnudas como colchones, y con una atenci\u00f3n m\u00e9dica inadecuada.<\/p>\n\n\n\n<p>\u201cPedimos al Gobierno salvadore\u00f1o que permita a los \u00f3rganos de monitoreo independientes el acceso inmediato y sin restricciones a las c\u00e1rceles que tienen a los deportados\u201d, manifestaron los expertos.<\/p>\n\n\n\n<p>Expresaron adem\u00e1s su alarma por el fundamento jur\u00eddico poco claro para la detenci\u00f3n de los deportados en El Salvador y la falta de recursos efectivos, incluidas las dificultades para acceder a la representaci\u00f3n legal, las visitas familiares, el acceso consular y la revisi\u00f3n judicial. Estos derechos deben estar garantizados de inmediato, dijeron los expertos.<\/p>\n\n\n\n<p>\u201cLa falta de un estatus legal claro en El Salvador podr\u00eda exponer a\u00fan m\u00e1s a los deportados a detenciones indefinidas y arbitrarias en el pa\u00eds\u201d, destacaron.<\/p>\n\n\n\n<p>Asimismo, se\u00f1alaron que las deportaciones y las correspondientes detenciones en r\u00e9gimen de incomunicaci\u00f3n \u201cparec\u00edan entra\u00f1ar desapariciones forzadas, contrarias al derecho internacional. Muchos detenidos desconoc\u00edan su destino, sus familias no fueron informadas de su detenci\u00f3n o traslado, y las autoridades estadounidenses y salvadore\u00f1as no han publicado los nombres ni la condici\u00f3n jur\u00eddica de los detenidos. A los encarcelados en El Salvador se les ha negado el derecho a comunicarse con sus familiares y a recibir la visita.<\/p>\n\n\n\n<p>Denuncian que Estados Unidos y El Salvador tambi\u00e9n se han negado a devolver a las personas declaradas por los tribunales estadounidenses que han sido deportadas ilegalmente. \u201cPedimos a ambos gobiernos que cooperen para devolverlos a los EE.UU., as\u00ed como a cualquier otra persona que haya sido deportada ilegalmente y desee regresar\u201d.<\/p>\n\n\n\n<p>Expresaron su preocupaci\u00f3n por el hecho de que no se hayan cumplido los criterios jur\u00eddicos para aplicar la Ley de Enemigos de Extranjeros. \u00abNo ha habido una invasi\u00f3n\u00bb o una incursi\u00f3n depredadora de los Estados Unidos por parte de ning\u00fan Estado extranjero, como lo exige la Ley.<\/p>\n\n\n\n<p>\u201cIncluso si algunos individuos eran pandilleros, la actividad de las pandillas es un crimen, no un acto de guerra. Las deportaciones eran, por lo tanto, aparentemente ilegales bajo la ley estadounidense y eran expulsiones arbitrarias e ilegales bajo el derecho internacional\u201d, a\u00f1aden los expertos.<\/p>\n\n\n\n<p>Tambi\u00e9n expresaron su preocupaci\u00f3n por el hecho de que los EE.UU. hubieran designado abusivamente a las pandillas como organizaciones terroristas, para justificar la invocaci\u00f3n de la Ley de Enemigos. La delincuencia organizada es un problema distinto que deber\u00eda abordarse con marcos jur\u00eddicos m\u00e1s adecuados. Falsamente, estigmatizante, ya que los terroristas, ponen en peligro a\u00fan m\u00e1s sus derechos.<\/p>\n\n\n\n<p>\u00abEstamos alarmados por los ataques pol\u00edticos a la independencia del poder judicial estadounidense y el papel profesional de los abogados en la representaci\u00f3n de sus clientes en estos casos\u00bb.<\/p>\n\n\n\n<figure class=\"wp-block-image size-large\"><img decoding=\"async\" width=\"1024\" height=\"683\" src=\"https:\/\/entretormentas.com\/wp-content\/uploads\/2025\/05\/salvador1-1024x683.jpg\" alt=\"\" class=\"wp-image-15999\" srcset=\"https:\/\/entretormentas.com\/wp-content\/uploads\/2025\/05\/salvador1-1024x683.jpg 1024w, https:\/\/entretormentas.com\/wp-content\/uploads\/2025\/05\/salvador1-300x200.jpg 300w, https:\/\/entretormentas.com\/wp-content\/uploads\/2025\/05\/salvador1-768x512.jpg 768w, https:\/\/entretormentas.com\/wp-content\/uploads\/2025\/05\/salvador1.jpg 1200w\" sizes=\"(max-width: 1024px) 100vw, 1024px\" \/><\/figure>\n\n\n\n<p>Las organizaciones de la sociedad civil y los defensores de los derechos humanos que abogan por estos casos deben ser protegidos de cualquier posible represalia en El Salvador o Estados Unidos.<\/p>\n\n\n\n<p>\u201cInstamos firmemente al Gobierno de los Estados Unidos a que deje de usar la Ley de Enemigos Extranjeros o cualquier otra ley para deportar sumariamente a la gente. Las deportaciones deben llevarse a cabo bajo la ley de inmigraci\u00f3n ordinaria y de conformidad con el derecho internacional, incluida la no devoluci\u00f3n, el debido proceso, las salvaguardias judiciales y los recursos efectivos, dijeron los expertos. Las deportaciones deben cesar hasta que se respeten estas garant\u00edas jur\u00eddicas internacionales\u201d, puntualizaron.<\/p>\n\n\n\n<p>Los expertos comunicaron formalmente sus preocupaciones a los Gobiernos de Estados Unidos y El Salvador, junto con una lista no exhaustiva de m\u00e1s de 100 ciudadanos venezolanos afectados por estas deportaciones, que muchos destinos y paraderos se desconocen. Los titulares de mandatos de procedimientos especiales expresaron anteriormente su preocupaci\u00f3n por el debido proceso y la detenci\u00f3n en El Salvador en 2022, 2023 y 2024.<br><strong><em>ET \/ Agencias<\/em><\/strong><\/p>\n\n\n\n<p><\/p>\n","protected":false},"excerpt":{"rendered":"<p>ENTRE TORMENTAS. Expertos en derechos humanos de Naciones Unidas (ONU) expresaron este mi\u00e9rcoles la profunda&#8230;<\/p>\n","protected":false},"author":2,"featured_media":16000,"comment_status":"closed","ping_status":"open","sticky":false,"template":"","format":"standard","meta":{"footnotes":""},"categories":[56,48],"tags":[],"class_list":["post-15997","post","type-post","status-publish","format-standard","has-post-thumbnail","hentry","category-destacadas","category-internacionales"],"_links":{"self":[{"href":"https:\/\/entretormentas.com\/index.php?rest_route=\/wp\/v2\/posts\/15997","targetHints":{"allow":["GET"]}}],"collection":[{"href":"https:\/\/entretormentas.com\/index.php?rest_route=\/wp\/v2\/posts"}],"about":[{"href":"https:\/\/entretormentas.com\/index.php?rest_route=\/wp\/v2\/types\/post"}],"author":[{"embeddable":true,"href":"https:\/\/entretormentas.com\/index.php?rest_route=\/wp\/v2\/users\/2"}],"replies":[{"embeddable":true,"href":"https:\/\/entretormentas.com\/index.php?rest_route=%2Fwp%2Fv2%2Fcomments&post=15997"}],"version-history":[{"count":1,"href":"https:\/\/entretormentas.com\/index.php?rest_route=\/wp\/v2\/posts\/15997\/revisions"}],"predecessor-version":[{"id":16001,"href":"https:\/\/entretormentas.com\/index.php?rest_route=\/wp\/v2\/posts\/15997\/revisions\/16001"}],"wp:featuredmedia":[{"embeddable":true,"href":"https:\/\/entretormentas.com\/index.php?rest_route=\/wp\/v2\/media\/16000"}],"wp:attachment":[{"href":"https:\/\/entretormentas.com\/index.php?rest_route=%2Fwp%2Fv2%2Fmedia&parent=15997"}],"wp:term":[{"taxonomy":"category","embeddable":true,"href":"https:\/\/entretormentas.com\/index.php?rest_route=%2Fwp%2Fv2%2Fcategories&post=15997"},{"taxonomy":"post_tag","embeddable":true,"href":"https:\/\/entretormentas.com\/index.php?rest_route=%2Fwp%2Fv2%2Ftags&post=15997"}],"curies":[{"name":"wp","href":"https:\/\/api.w.org\/{rel}","templated":true}]}}