{"id":16002,"date":"2025-05-01T09:53:25","date_gmt":"2025-05-01T07:53:25","guid":{"rendered":"https:\/\/entretormentas.com\/?p=16002"},"modified":"2025-05-01T09:53:26","modified_gmt":"2025-05-01T07:53:26","slug":"a-la-calle-trabajadores-se-movilizaran-este-1-de-mayo-en-defensa-del-pais","status":"publish","type":"post","link":"https:\/\/entretormentas.com\/a-la-calle-trabajadores-se-movilizaran-este-1-de-mayo-en-defensa-del-pais\/","title":{"rendered":"\u00a1A LA CALLE! Trabajadores se movilizar\u00e1n este 1 de mayo en defensa del pa\u00eds"},"content":{"rendered":"\n<p><strong>ENTRE TORMENTAS. <\/strong>El sindicalista y coordinador nacional de la Central Bolivariana Socialista de Trabajadores (CBST), Carlos L\u00f3pez, asegur\u00f3 que el sector acudir\u00e1 a las calles este 1 de mayo para defender la soberan\u00eda del pa\u00eds, en el marco del D\u00eda del Trabajador.<\/p>\n\n\n\n<p>En ese sentido, inform\u00f3 que la actividad iniciar\u00e1 desde Plaza Venezuela hasta el muro de Petare.<\/p>\n\n\n\n<p>\u00abEl tema n\u00famero uno de la marcha de este 1 de mayo es la defensa de la soberan\u00eda de la patria, las elecciones del 25 de mayo, la denuncia de la pol\u00edtica hip\u00f3crita de los empresarios privados que manipulan a la opini\u00f3n p\u00fablica, poni\u00e9ndose como los supuestos defensores del salario de sus trabajadores cuando en el fondo son enemigos de ellos, porque mantiemen una pol\u00edtica permanente de despidos\u00bb, dijo en entrevista concedida a Esther Quiaro para el programa Al Instante de Uni\u00f3n Radio.<\/p>\n\n\n\n<p>L\u00f3pez se\u00f1al\u00f3 que el sector solicita que \u00abse vuelva a instaurar la intendencia obrera en la Superintendencia Nacional para la Defensa para los Derechos Socioecon\u00f3micos, para participar en el control de los precios, una mesa econ\u00f3mica con los empleados, la transformaci\u00f3n del Ministerio del Trabajo.<br><strong><em>ET \/ Agencias<\/em><\/strong><\/p>\n","protected":false},"excerpt":{"rendered":"<p>ENTRE TORMENTAS. El sindicalista y coordinador nacional de la Central Bolivariana Socialista de Trabajadores (CBST),&#8230;<\/p>\n","protected":false},"author":2,"featured_media":16003,"comment_status":"closed","ping_status":"open","sticky":false,"template":"","format":"standard","meta":{"footnotes":""},"categories":[56,49],"tags":[],"class_list":["post-16002","post","type-post","status-publish","format-standard","has-post-thumbnail","hentry","category-destacadas","category-nacionales"],"_links":{"self":[{"href":"https:\/\/entretormentas.com\/index.php?rest_route=\/wp\/v2\/posts\/16002","targetHints":{"allow":["GET"]}}],"collection":[{"href":"https:\/\/entretormentas.com\/index.php?rest_route=\/wp\/v2\/posts"}],"about":[{"href":"https:\/\/entretormentas.com\/index.php?rest_route=\/wp\/v2\/types\/post"}],"author":[{"embeddable":true,"href":"https:\/\/entretormentas.com\/index.php?rest_route=\/wp\/v2\/users\/2"}],"replies":[{"embeddable":true,"href":"https:\/\/entretormentas.com\/index.php?rest_route=%2Fwp%2Fv2%2Fcomments&post=16002"}],"version-history":[{"count":1,"href":"https:\/\/entretormentas.com\/index.php?rest_route=\/wp\/v2\/posts\/16002\/revisions"}],"predecessor-version":[{"id":16004,"href":"https:\/\/entretormentas.com\/index.php?rest_route=\/wp\/v2\/posts\/16002\/revisions\/16004"}],"wp:featuredmedia":[{"embeddable":true,"href":"https:\/\/entretormentas.com\/index.php?rest_route=\/wp\/v2\/media\/16003"}],"wp:attachment":[{"href":"https:\/\/entretormentas.com\/index.php?rest_route=%2Fwp%2Fv2%2Fmedia&parent=16002"}],"wp:term":[{"taxonomy":"category","embeddable":true,"href":"https:\/\/entretormentas.com\/index.php?rest_route=%2Fwp%2Fv2%2Fcategories&post=16002"},{"taxonomy":"post_tag","embeddable":true,"href":"https:\/\/entretormentas.com\/index.php?rest_route=%2Fwp%2Fv2%2Ftags&post=16002"}],"curies":[{"name":"wp","href":"https:\/\/api.w.org\/{rel}","templated":true}]}}