{"id":16005,"date":"2025-05-01T09:56:30","date_gmt":"2025-05-01T07:56:30","guid":{"rendered":"https:\/\/entretormentas.com\/?p=16005"},"modified":"2025-05-01T09:57:26","modified_gmt":"2025-05-01T07:57:26","slug":"exhorto-saab-pide-actuacion-de-la-onu-con-respecto-a-venezolanos-deportados","status":"publish","type":"post","link":"https:\/\/entretormentas.com\/exhorto-saab-pide-actuacion-de-la-onu-con-respecto-a-venezolanos-deportados\/","title":{"rendered":"\u00a1EXHORTO! Saab pide actuaci\u00f3n de la ONU con respecto a venezolanos deportados"},"content":{"rendered":"\n<p><strong>ENTRE TORMENTAS. <\/strong>El fiscal general de la Rep\u00fablica, Tarek William Saab, resalt\u00f3 este mi\u00e9rcoles el comunicado emitido por la Organizaci\u00f3n de Naciones Unidas (ONU), que exigi\u00f3 el cese inmediato de las deportaciones en EEUU hasta que se respeten las garant\u00edas al debido proceso, rese\u00f1\u00f3 Uni\u00f3n Radio.<\/p>\n\n\n\n<p>\u00abEl mundo entero tiene que pronunciarse. Espero sea m\u00e1s efectiva la actuaci\u00f3n del a ONU para que se d\u00e9 la inmediata liberaci\u00f3n de los 252 venezolanos\u00bb, expres\u00f3 Saab durante una jornada del Ministerio P\u00fablico visita tu comunidad.<\/p>\n\n\n\n<p>Con respecto al caso espec\u00edfico de la ni\u00f1a de dos a\u00f1os Maikelys Antonella Espinoza, cuyo padre fue deportado a El Salvador y su madre repatriada a Venezuela, pero a ella la dejaron en EEUU, expres\u00f3 que se trata de un hecho abominable, con premeditaci\u00f3n y alevos\u00eda.<\/p>\n\n\n\n<p>Indic\u00f3 que el MP ha designado dos ficales con especializaciones en la materia para lograr que la ni\u00f1a, as\u00ed como su padre, est\u00e9n de vuelta en Venezuela.<\/p>\n\n\n\n<p>\u00abHemos hecho el llamado a la Unicef, ayer lo hicimos de manera contundente. Estamos haciendo los tr\u00e1mites para que la madre sea recibida por la Unicef aqu\u00ed en Caracas para que se hagan las diligencias a escala internacional para que esta ni\u00f1a est\u00e9 con su madre\u00bb, precis\u00f3 Saab.<br><strong><em>ET \/ Agencias<\/em><\/strong><\/p>\n\n\n\n<p><\/p>\n","protected":false},"excerpt":{"rendered":"<p>ENTRE TORMENTAS. El fiscal general de la Rep\u00fablica, Tarek William Saab, resalt\u00f3 este mi\u00e9rcoles el&#8230;<\/p>\n","protected":false},"author":2,"featured_media":16008,"comment_status":"closed","ping_status":"open","sticky":false,"template":"","format":"standard","meta":{"footnotes":""},"categories":[56,49],"tags":[],"class_list":["post-16005","post","type-post","status-publish","format-standard","has-post-thumbnail","hentry","category-destacadas","category-nacionales"],"_links":{"self":[{"href":"https:\/\/entretormentas.com\/index.php?rest_route=\/wp\/v2\/posts\/16005","targetHints":{"allow":["GET"]}}],"collection":[{"href":"https:\/\/entretormentas.com\/index.php?rest_route=\/wp\/v2\/posts"}],"about":[{"href":"https:\/\/entretormentas.com\/index.php?rest_route=\/wp\/v2\/types\/post"}],"author":[{"embeddable":true,"href":"https:\/\/entretormentas.com\/index.php?rest_route=\/wp\/v2\/users\/2"}],"replies":[{"embeddable":true,"href":"https:\/\/entretormentas.com\/index.php?rest_route=%2Fwp%2Fv2%2Fcomments&post=16005"}],"version-history":[{"count":1,"href":"https:\/\/entretormentas.com\/index.php?rest_route=\/wp\/v2\/posts\/16005\/revisions"}],"predecessor-version":[{"id":16007,"href":"https:\/\/entretormentas.com\/index.php?rest_route=\/wp\/v2\/posts\/16005\/revisions\/16007"}],"wp:featuredmedia":[{"embeddable":true,"href":"https:\/\/entretormentas.com\/index.php?rest_route=\/wp\/v2\/media\/16008"}],"wp:attachment":[{"href":"https:\/\/entretormentas.com\/index.php?rest_route=%2Fwp%2Fv2%2Fmedia&parent=16005"}],"wp:term":[{"taxonomy":"category","embeddable":true,"href":"https:\/\/entretormentas.com\/index.php?rest_route=%2Fwp%2Fv2%2Fcategories&post=16005"},{"taxonomy":"post_tag","embeddable":true,"href":"https:\/\/entretormentas.com\/index.php?rest_route=%2Fwp%2Fv2%2Ftags&post=16005"}],"curies":[{"name":"wp","href":"https:\/\/api.w.org\/{rel}","templated":true}]}}