{"id":16013,"date":"2025-05-02T10:06:44","date_gmt":"2025-05-02T08:06:44","guid":{"rendered":"https:\/\/entretormentas.com\/?p=16013"},"modified":"2025-05-02T10:06:44","modified_gmt":"2025-05-02T08:06:44","slug":"vibrante-arranca-festival-sub-regional-el-zulia-canta-y-declama","status":"publish","type":"post","link":"https:\/\/entretormentas.com\/vibrante-arranca-festival-sub-regional-el-zulia-canta-y-declama\/","title":{"rendered":"\u00a1VIBRANTE! Arranca Festival Sub-regional \u00abEl Zulia Canta y Declama\u00bb"},"content":{"rendered":"\n<p><strong>ENTRE TORMENTAS.<\/strong> Este hermoso evento, organizado con gran dedicaci\u00f3n por la Divisi\u00f3n de Programas Educativos, a trav\u00e9s de la Coordinaci\u00f3n de Desarrollo Cultural de la Secretar\u00eda de Educaci\u00f3n del Estado Zulia, ya est\u00e1 en marcha.<\/p>\n\n\n\n<p>Este viernes, 2 de mayo, prep\u00e1rense para vivir uno de los seis emocionantes encuentros sub-regionales que se llevar\u00e1n a cabo en todo el estado Zulia.<\/p>\n\n\n\n<p>Es realmente inspirador ver c\u00f3mo ni\u00f1as y ni\u00f1os de las escuelas adscritas a la Secretar\u00eda de Educaci\u00f3n despliegan su maravilloso talento en el canto y la declamaci\u00f3n.<\/p>\n\n\n\n<p>En este encuentro, tendremos el honor de recibir a veinte j\u00f3venes artistas provenientes de los municipios Maracaibo, La Ca\u00f1ada de Urdaneta, Jes\u00fas Enrique Lossada y San Francisco, quienes llenar\u00e1n de arte y alegr\u00eda la Sala Contempor\u00e1nea del Museo Rafael Urdaneta. \u00a1No te pierdas esta fiesta del talento escolar zuliano!<br><strong><em>ET \/ Nota de Prensa<\/em><\/strong><\/p>\n","protected":false},"excerpt":{"rendered":"<p>ENTRE TORMENTAS. Este hermoso evento, organizado con gran dedicaci\u00f3n por la Divisi\u00f3n de Programas Educativos,&#8230;<\/p>\n","protected":false},"author":2,"featured_media":16014,"comment_status":"closed","ping_status":"open","sticky":false,"template":"","format":"standard","meta":{"footnotes":""},"categories":[1],"tags":[],"class_list":["post-16013","post","type-post","status-publish","format-standard","has-post-thumbnail","hentry","category-regionales"],"_links":{"self":[{"href":"https:\/\/entretormentas.com\/index.php?rest_route=\/wp\/v2\/posts\/16013","targetHints":{"allow":["GET"]}}],"collection":[{"href":"https:\/\/entretormentas.com\/index.php?rest_route=\/wp\/v2\/posts"}],"about":[{"href":"https:\/\/entretormentas.com\/index.php?rest_route=\/wp\/v2\/types\/post"}],"author":[{"embeddable":true,"href":"https:\/\/entretormentas.com\/index.php?rest_route=\/wp\/v2\/users\/2"}],"replies":[{"embeddable":true,"href":"https:\/\/entretormentas.com\/index.php?rest_route=%2Fwp%2Fv2%2Fcomments&post=16013"}],"version-history":[{"count":1,"href":"https:\/\/entretormentas.com\/index.php?rest_route=\/wp\/v2\/posts\/16013\/revisions"}],"predecessor-version":[{"id":16015,"href":"https:\/\/entretormentas.com\/index.php?rest_route=\/wp\/v2\/posts\/16013\/revisions\/16015"}],"wp:featuredmedia":[{"embeddable":true,"href":"https:\/\/entretormentas.com\/index.php?rest_route=\/wp\/v2\/media\/16014"}],"wp:attachment":[{"href":"https:\/\/entretormentas.com\/index.php?rest_route=%2Fwp%2Fv2%2Fmedia&parent=16013"}],"wp:term":[{"taxonomy":"category","embeddable":true,"href":"https:\/\/entretormentas.com\/index.php?rest_route=%2Fwp%2Fv2%2Fcategories&post=16013"},{"taxonomy":"post_tag","embeddable":true,"href":"https:\/\/entretormentas.com\/index.php?rest_route=%2Fwp%2Fv2%2Ftags&post=16013"}],"curies":[{"name":"wp","href":"https:\/\/api.w.org\/{rel}","templated":true}]}}