{"id":16016,"date":"2025-05-02T10:09:15","date_gmt":"2025-05-02T08:09:15","guid":{"rendered":"https:\/\/entretormentas.com\/?p=16016"},"modified":"2025-05-02T10:09:16","modified_gmt":"2025-05-02T08:09:16","slug":"al-inaugurar-la-obra-maracaibo-aplicara-ordenanza-municipal-del-paseo-zona-11","status":"publish","type":"post","link":"https:\/\/entretormentas.com\/al-inaugurar-la-obra-maracaibo-aplicara-ordenanza-municipal-del-paseo-zona-11\/","title":{"rendered":"\u00a1AL INAUGURAR LA OBRA! Maracaibo aplicar\u00e1 Ordenanza Municipal del Paseo Zona 11"},"content":{"rendered":"\n<p><strong>ENTRE TORMENTAS. <\/strong>As\u00ed lo dio a conocer el Presidente de la Comisi\u00f3n de Urbanismo del Concejo Municipal de Maracaibo, Jos\u00e9 Berm\u00fadez, quien destac\u00f3 que este nuevo ordenamiento jur\u00eddico, fue resultado de tres consultas p\u00fablicas abiertas y dos discusiones reglamentarias entre los factores que integran el ente legislativo, todo esto con el fin de que el \u00e1rea donde se circunscribe la Ordenanza de Creaci\u00f3n y Usos del Paseo Zona 11, cuente con unas directrices de funcionamiento, adecuaci\u00f3n de espacios, \u00e1reas verdes, peatonales, recreativas y de libre tr\u00e1nsito, como lo contempla el referido proyecto urbano y comercial, que ya se encuentra en fase final bajo la ejecuci\u00f3n de la Gobernaci\u00f3n del Zulia.<\/p>\n\n\n\n<p>Berm\u00fadez inform\u00f3 que se dio viabilidad jur\u00eddica a los planteamientos de funcionamiento de toda esta importante zona que sin duda cambiar\u00e1 la vida comercial y residencial, mostrando un dinamismo donde se mezclar\u00e1 lo recreativo y cultural, con el \u00e1rea gastron\u00f3mica.<\/p>\n\n\n\n<p>\u00abEste Paseo Tur\u00edstico Boulevard denominado Zona 11 de Maracaibo es sin duda, uno de los proyectos urban\u00edsticos m\u00e1s modernos en su estilo en el pa\u00eds , que no solo est\u00e1 dise\u00f1ado para embellecer la ciudad, sino tambi\u00e9n para ser un espacio inclusivo que beneficiar\u00e1 a todos los habitantes, con especial \u00e9nfasis en personas con discapacidades quienes tendr\u00e1n un disfrute seguro gracias a su dise\u00f1o\u201d explic\u00f3 el concejal Berm\u00fadez.<\/p>\n\n\n\n<p>Es de resaltar que este proyecto viene rescatando espacios que se encontraban en muy mal estado y se han incorporado, igualmente el uso de nuevos materiales y tecnolog\u00edas que garantizan resultados positivos que se convertir\u00e1n en un nuevo polo de desarrollo en diversas \u00e1reas comerciales en general.<\/p>\n\n\n\n<p>Esta Ordenanza, indic\u00f3 Berm\u00fadez, tambi\u00e9n incluye los pasos peatonales de manera segura para los transe\u00fantes, \u00e1reas de estacionamientos p\u00fablicos y privados, demarcaciones, se\u00f1alizaciones adecuadas y control vial.<\/p>\n\n\n\n<p>Los pasos peatonales en este espacio est\u00e1n dise\u00f1ados espec\u00edficamente para proteger a los transe\u00fantes, al igual que las \u00e1reas verdes con siembra de cientos de \u00e1rboles, y diversas atracciones que incentiven el ejercicio f\u00edsico de ni\u00f1os, j\u00f3venes y adultos, por lo que este nuevo instrumento jur\u00eddico \u201cabre paso hacia la Maracaibo moderna que todos sus habitantes desean\u201d.<br><strong><em>ET \/ Prensa CMM<\/em><\/strong><\/p>\n","protected":false},"excerpt":{"rendered":"<p>ENTRE TORMENTAS. As\u00ed lo dio a conocer el Presidente de la Comisi\u00f3n de Urbanismo del&#8230;<\/p>\n","protected":false},"author":2,"featured_media":16017,"comment_status":"closed","ping_status":"open","sticky":false,"template":"","format":"standard","meta":{"footnotes":""},"categories":[1],"tags":[],"class_list":["post-16016","post","type-post","status-publish","format-standard","has-post-thumbnail","hentry","category-regionales"],"_links":{"self":[{"href":"https:\/\/entretormentas.com\/index.php?rest_route=\/wp\/v2\/posts\/16016","targetHints":{"allow":["GET"]}}],"collection":[{"href":"https:\/\/entretormentas.com\/index.php?rest_route=\/wp\/v2\/posts"}],"about":[{"href":"https:\/\/entretormentas.com\/index.php?rest_route=\/wp\/v2\/types\/post"}],"author":[{"embeddable":true,"href":"https:\/\/entretormentas.com\/index.php?rest_route=\/wp\/v2\/users\/2"}],"replies":[{"embeddable":true,"href":"https:\/\/entretormentas.com\/index.php?rest_route=%2Fwp%2Fv2%2Fcomments&post=16016"}],"version-history":[{"count":1,"href":"https:\/\/entretormentas.com\/index.php?rest_route=\/wp\/v2\/posts\/16016\/revisions"}],"predecessor-version":[{"id":16018,"href":"https:\/\/entretormentas.com\/index.php?rest_route=\/wp\/v2\/posts\/16016\/revisions\/16018"}],"wp:featuredmedia":[{"embeddable":true,"href":"https:\/\/entretormentas.com\/index.php?rest_route=\/wp\/v2\/media\/16017"}],"wp:attachment":[{"href":"https:\/\/entretormentas.com\/index.php?rest_route=%2Fwp%2Fv2%2Fmedia&parent=16016"}],"wp:term":[{"taxonomy":"category","embeddable":true,"href":"https:\/\/entretormentas.com\/index.php?rest_route=%2Fwp%2Fv2%2Fcategories&post=16016"},{"taxonomy":"post_tag","embeddable":true,"href":"https:\/\/entretormentas.com\/index.php?rest_route=%2Fwp%2Fv2%2Ftags&post=16016"}],"curies":[{"name":"wp","href":"https:\/\/api.w.org\/{rel}","templated":true}]}}