{"id":16023,"date":"2025-05-02T10:18:14","date_gmt":"2025-05-02T08:18:14","guid":{"rendered":"https:\/\/entretormentas.com\/?p=16023"},"modified":"2025-05-02T10:18:15","modified_gmt":"2025-05-02T08:18:15","slug":"para-sus-servidores-publicos-alcaldia-de-maracaibo-celebra-el-dia-del-trabajador-con-feria-alimentaria-del-sol","status":"publish","type":"post","link":"https:\/\/entretormentas.com\/para-sus-servidores-publicos-alcaldia-de-maracaibo-celebra-el-dia-del-trabajador-con-feria-alimentaria-del-sol\/","title":{"rendered":"\u00a1PARA SUS SERVIDORES P\u00daBLICOS! Alcald\u00eda de Maracaibo celebra el D\u00eda del Trabajador con Feria Alimentaria del Sol"},"content":{"rendered":"\n<p><strong>ENTRE TORMENTAS.<\/strong> La Alcald\u00eda de Maracaibo a trav\u00e9s de la Direcci\u00f3n de Talento Humano; en conjunto con la Direcci\u00f3n General de Alimentaci\u00f3n, productores del oeste y del sector privado, organiz\u00f3 la Feria Alimentaria del Sol para sus funcionarios, empleados y obreros de las distintas direcciones, entes y organismos como celebraci\u00f3n del D\u00eda del Trabajador.<\/p>\n\n\n\n<p>La ma\u00f1ana del jueves 30 de abril y el viernes 2 de mayo m\u00e1s de seis mil servidores p\u00fablicos podr\u00e1n comprar productos de primera calidad a precios accesibles en la feria que lleg\u00f3 al estacionamiento del edificio municipal, desde las 8:00 de la ma\u00f1ana hasta las 4:00 de la tarde. Se dispusieron m\u00e1s de 30 toneladas de alimentos para los trabajadores.<\/p>\n\n\n\n<figure class=\"wp-block-image size-large\"><img fetchpriority=\"high\" decoding=\"async\" width=\"1024\" height=\"682\" src=\"https:\/\/entretormentas.com\/wp-content\/uploads\/2025\/05\/APOYOLABORAL2-1024x682.jpeg\" alt=\"\" class=\"wp-image-16024\" srcset=\"https:\/\/entretormentas.com\/wp-content\/uploads\/2025\/05\/APOYOLABORAL2-1024x682.jpeg 1024w, https:\/\/entretormentas.com\/wp-content\/uploads\/2025\/05\/APOYOLABORAL2-300x200.jpeg 300w, https:\/\/entretormentas.com\/wp-content\/uploads\/2025\/05\/APOYOLABORAL2-768x512.jpeg 768w, https:\/\/entretormentas.com\/wp-content\/uploads\/2025\/05\/APOYOLABORAL2.jpeg 1280w\" sizes=\"(max-width: 1024px) 100vw, 1024px\" \/><\/figure>\n\n\n\n<p>Adri\u00e1n Romero Mart\u00ednez, alcalde encargado de Maracaibo, expres\u00f3 que, en el marco de la celebraci\u00f3n del D\u00eda del Trabajador, su principal objetivo es seguir ajustando y mejorando las condiciones de los servidores p\u00fablicos para que puedan sentirse tranquilos y atendidos.<\/p>\n\n\n\n<p>\u201cTodas las semanas la Alcald\u00eda de Maracaibo lleva mercados a todas las parroquias de Maracaibo. Es por eso que este mi\u00e9rcoles 30 de abril y el viernes 2 de mayo, tendremos nuestra Feria Alimentaria del Sol para que nuestros servidores p\u00fablicos puedan adquirir los productos a un precio m\u00e1s accesible en comparaci\u00f3n a otros mercados y a tasa del Banco Central de Venezuela (BCV)\u201d, recalc\u00f3.<\/p>\n\n\n\n<p>Jose Molina, director de Talento Humano, precis\u00f3 que, por tercer a\u00f1o consecutivo, la Feria Alimentaria del Sol se organiza en beneficio de los empleados y funcionarios de la Alcald\u00eda.<\/p>\n\n\n\n<p>\u201cTenemos para nuestros servidores, productos de excelente calidad y descuentos que van desde un 30 % en los productos b\u00e1sicos lo que va a originar que nuestros servidores p\u00fablicos cuenten con todos los productos que necesitan. La idea es que cada quien adquiera los productos de la mejor manera para el beneficio de sus familias\u201d, mencion\u00f3 Molina.<\/p>\n\n\n\n<p>Rafael Viloria, director de Alimentaci\u00f3n, record\u00f3 que en la feria encontrar\u00e1n prote\u00ednas, charcuter\u00eda, productos agr\u00edcolas del oeste de la ciudad y v\u00edveres con descuentos significativos, para as\u00ed ayudar al presupuesto familiar de todos los empleados.<\/p>\n\n\n\n<p>\u201cEsto ya es una tradici\u00f3n. En estos dos d\u00edas de feria queremos demostrar nuestra dedicaci\u00f3n y compromiso con cada uno de los integrantes de nuestra familia. Me refiero, por supuesto, a nuestro equipo de servidores p\u00fablicos de la Alcald\u00eda de Maracaibo, a quienes hoy apoyamos\u201d, destac\u00f3 Viloria.<\/p>\n\n\n\n<figure class=\"wp-block-image size-large\"><img decoding=\"async\" width=\"1024\" height=\"682\" src=\"https:\/\/entretormentas.com\/wp-content\/uploads\/2025\/05\/APOYOLABORAL3-1024x682.jpeg\" alt=\"\" class=\"wp-image-16025\" srcset=\"https:\/\/entretormentas.com\/wp-content\/uploads\/2025\/05\/APOYOLABORAL3-1024x682.jpeg 1024w, https:\/\/entretormentas.com\/wp-content\/uploads\/2025\/05\/APOYOLABORAL3-300x200.jpeg 300w, https:\/\/entretormentas.com\/wp-content\/uploads\/2025\/05\/APOYOLABORAL3-768x512.jpeg 768w, https:\/\/entretormentas.com\/wp-content\/uploads\/2025\/05\/APOYOLABORAL3.jpeg 1280w\" sizes=\"(max-width: 1024px) 100vw, 1024px\" \/><\/figure>\n\n\n\n<p><strong>TRABAJADORES CONTENTOS<\/strong><br>Isabel Dickson, empleada de la direcci\u00f3n de Eventos, manifest\u00f3 su satisfacci\u00f3n con los precios de los productos ofrecidos.<\/p>\n\n\n\n<p>\u201cEstamos bastante contentos con la jornada que se hizo pensando en nosotros los trabajadores. Los precios son bastante competitivos, de hecho, lo que puedo comprar en otros lados o en cualquier supermercado me sale aqu\u00ed casi a la mitad\u201d, detall\u00f3 la trabajadora.<\/p>\n\n\n\n<p>Robinson Chaparro, trabajador de la Fundaci\u00f3n Fondo de Apoyo a la Econom\u00eda Popular (Fundepo), destac\u00f3 la calidad de los productos ofrecidos a los empleados y la atenci\u00f3n por parte del Ejecutivo municipal. \u201cEsta es una jornada excepcional para nosotros, este es un beneficio muy bueno, los precios est\u00e1n a muy bajo costo a comparaci\u00f3n de los supermercados\u201d.<br><strong><em>ET \/ DCI Alcald\u00eda de Maracaibo<\/em><\/strong><\/p>\n\n\n\n<p><\/p>\n","protected":false},"excerpt":{"rendered":"<p>ENTRE TORMENTAS. La Alcald\u00eda de Maracaibo a trav\u00e9s de la Direcci\u00f3n de Talento Humano; en&#8230;<\/p>\n","protected":false},"author":2,"featured_media":16026,"comment_status":"closed","ping_status":"open","sticky":false,"template":"","format":"standard","meta":{"footnotes":""},"categories":[57,1],"tags":[],"class_list":["post-16023","post","type-post","status-publish","format-standard","has-post-thumbnail","hentry","category-actualidad","category-regionales"],"_links":{"self":[{"href":"https:\/\/entretormentas.com\/index.php?rest_route=\/wp\/v2\/posts\/16023","targetHints":{"allow":["GET"]}}],"collection":[{"href":"https:\/\/entretormentas.com\/index.php?rest_route=\/wp\/v2\/posts"}],"about":[{"href":"https:\/\/entretormentas.com\/index.php?rest_route=\/wp\/v2\/types\/post"}],"author":[{"embeddable":true,"href":"https:\/\/entretormentas.com\/index.php?rest_route=\/wp\/v2\/users\/2"}],"replies":[{"embeddable":true,"href":"https:\/\/entretormentas.com\/index.php?rest_route=%2Fwp%2Fv2%2Fcomments&post=16023"}],"version-history":[{"count":1,"href":"https:\/\/entretormentas.com\/index.php?rest_route=\/wp\/v2\/posts\/16023\/revisions"}],"predecessor-version":[{"id":16027,"href":"https:\/\/entretormentas.com\/index.php?rest_route=\/wp\/v2\/posts\/16023\/revisions\/16027"}],"wp:featuredmedia":[{"embeddable":true,"href":"https:\/\/entretormentas.com\/index.php?rest_route=\/wp\/v2\/media\/16026"}],"wp:attachment":[{"href":"https:\/\/entretormentas.com\/index.php?rest_route=%2Fwp%2Fv2%2Fmedia&parent=16023"}],"wp:term":[{"taxonomy":"category","embeddable":true,"href":"https:\/\/entretormentas.com\/index.php?rest_route=%2Fwp%2Fv2%2Fcategories&post=16023"},{"taxonomy":"post_tag","embeddable":true,"href":"https:\/\/entretormentas.com\/index.php?rest_route=%2Fwp%2Fv2%2Ftags&post=16023"}],"curies":[{"name":"wp","href":"https:\/\/api.w.org\/{rel}","templated":true}]}}