{"id":16031,"date":"2025-05-02T10:24:38","date_gmt":"2025-05-02T08:24:38","guid":{"rendered":"https:\/\/entretormentas.com\/?p=16031"},"modified":"2025-05-02T10:24:39","modified_gmt":"2025-05-02T08:24:39","slug":"en-maracaibo-luis-caldera-lleva-su-mensaje-de-esperanza-a-francisco-eugenio-bustamante","status":"publish","type":"post","link":"https:\/\/entretormentas.com\/en-maracaibo-luis-caldera-lleva-su-mensaje-de-esperanza-a-francisco-eugenio-bustamante\/","title":{"rendered":"\u00a1EN MARACAIBO! Luis Caldera lleva su mensaje de esperanza a Francisco Eugenio Bustamante"},"content":{"rendered":"\n<p><strong>ENTRE TORMENTAS. <\/strong>Con un recorrido casa a casa en la parroquia Francisco Eugenio Bustamante del municipio Maracaibo, Luis Caldera, candidato a la gobernaci\u00f3n del estado Zulia, contin\u00faa su recorrido por la regi\u00f3n zuliana.<\/p>\n\n\n\n<p>\u00abEstamos realizando este casa con los jefes de comunidades, l\u00edderes y lideresas de calle, as\u00ed como con las dem\u00e1s fuerzas populares organizadas para seguir llevando el mensaje de esperanza a zulianos y zulianas que necesitan de un gobierno regional que ponga el pecho para el trabajo y las soluciones de los servicios b\u00e1sicos, as\u00ed como de todas las competencias que conlleva estar al frente de una gobernaci\u00f3n\u00bb, afirm\u00f3 el candidato Caldera.<\/p>\n\n\n\n<p>Los habitantes del sector Las Trinitarias de la parroquia Francisco Eugenio Bustamante se sumaron con entusiasmo y gozo al recorrido, rumbo a las elecciones del pr\u00f3ximo 25 de mayo.<\/p>\n\n\n\n<p>Lorena Medina, l\u00eddereza de calle, manifest\u00f3 que apoyan a Luis Caldera para la gobernaci\u00f3n \u00abpor ser un hombre humilde y con vocaci\u00f3n de trabajo por la gente, lo que garantiza que nuestros proyectos y necesidades tendr\u00e1n respuesta una vez que Luis Caldera sea gobernador\u00bb.<\/p>\n\n\n\n<p>Con esa misma convicci\u00f3n, Flor Navas, miembro de la UBCH Reinaldo Mart\u00ednez hizo un llamado al voto para conquistar la gobernaci\u00f3n del Zulia y hacerla un espacio de gesti\u00f3n y soluci\u00f3n para el pueblo.<\/p>\n\n\n\n<figure class=\"wp-block-image size-full\"><img fetchpriority=\"high\" decoding=\"async\" width=\"768\" height=\"511\" src=\"https:\/\/entretormentas.com\/wp-content\/uploads\/2025\/05\/LC2.jpeg\" alt=\"\" class=\"wp-image-16032\" srcset=\"https:\/\/entretormentas.com\/wp-content\/uploads\/2025\/05\/LC2.jpeg 768w, https:\/\/entretormentas.com\/wp-content\/uploads\/2025\/05\/LC2-300x200.jpeg 300w\" sizes=\"(max-width: 768px) 100vw, 768px\" \/><\/figure>\n\n\n\n<p>\u00abTodas y todos debemos salir el 25 de mayo a votar por Luis Caldera para la gobernaci\u00f3n. Aquellas personas que a\u00fan tengan alguna duda sobre nuestra opci\u00f3n y candidato, les decimos que basta con o\u00edr, con ver y sentir la honestidad y la entrega al trabajo por el pueblo de Luis Caldera para que se den cuenta que la gobernaci\u00f3n bajo su direcci\u00f3n ser\u00e1 fuente de soluciones para \u00e9l Zulia\u00bb, sostuvo Navas.<\/p>\n\n\n\n<p>\u00abUn verdadero futuro, un buen cambio, por la necesidad de tener la gobernaci\u00f3n para el pueblo; es la raz\u00f3n por la cual elegimos a Luis Caldera como nuestro pr\u00f3ximo gobernador\u00bb, expres\u00f3 Yaritza Gonz\u00e1lez, habitante del sector 3 de Las Trinitarias.<\/p>\n\n\n\n<p>A su vez Dayana Zambrano, tambi\u00e9n habitante del barrio \u00abLas Trinitarias, consider\u00f3 a Luis Caldera como quien \u00abya es gobernador en ejercicio del Zulia porque sin haber llegado el 25 de mayo, d\u00eda de la victoria electoral, \u00e9l est\u00e1 aqu\u00ed con conocimiento de las necesidades particulares de nuestro barrio, y eso comprueba dedicaci\u00f3n al trabajo, cosa que necesitamos en la gobernaci\u00f3n de nuestro estado Zulia\u00bb, subray\u00f3 Zambrano.<\/p>\n\n\n\n<p>Al final del recorrido que dur\u00f3 m\u00e1s de cuatro horas, escuchando y presentando a la gente los planes de gobierno, el candidato Caldera dijo \u00abque se encuentra muy contento de que la gente sepa que quien mandar\u00e1 realmente en la gobernaci\u00f3n del Zulia ser\u00e1n los zulianos y zulianas, en especial el poder popular organizado en comunas, concejos comunales, luchadores y trabajadores sociales entre otros\u00bb.<\/p>\n\n\n\n<p>Caldera puntualiz\u00f3 que \u00abproyectos productivos de las comunas, as\u00ed como el trabajo de los concejos comunales para la atenci\u00f3n integral del sector, ser\u00e1n un total \u00e9xito al construir las soluciones, estando de la mano la fuerza popular organizada junto a una gobernaci\u00f3n entregada al servicio de los barrios\u00bb.<br><strong><em>ET \/ Nota de Prensa<\/em><\/strong><\/p>\n\n\n\n<p><\/p>\n","protected":false},"excerpt":{"rendered":"<p>ENTRE TORMENTAS. Con un recorrido casa a casa en la parroquia Francisco Eugenio Bustamante del&#8230;<\/p>\n","protected":false},"author":2,"featured_media":16033,"comment_status":"closed","ping_status":"open","sticky":false,"template":"","format":"standard","meta":{"footnotes":""},"categories":[57,1],"tags":[],"class_list":["post-16031","post","type-post","status-publish","format-standard","has-post-thumbnail","hentry","category-actualidad","category-regionales"],"_links":{"self":[{"href":"https:\/\/entretormentas.com\/index.php?rest_route=\/wp\/v2\/posts\/16031","targetHints":{"allow":["GET"]}}],"collection":[{"href":"https:\/\/entretormentas.com\/index.php?rest_route=\/wp\/v2\/posts"}],"about":[{"href":"https:\/\/entretormentas.com\/index.php?rest_route=\/wp\/v2\/types\/post"}],"author":[{"embeddable":true,"href":"https:\/\/entretormentas.com\/index.php?rest_route=\/wp\/v2\/users\/2"}],"replies":[{"embeddable":true,"href":"https:\/\/entretormentas.com\/index.php?rest_route=%2Fwp%2Fv2%2Fcomments&post=16031"}],"version-history":[{"count":1,"href":"https:\/\/entretormentas.com\/index.php?rest_route=\/wp\/v2\/posts\/16031\/revisions"}],"predecessor-version":[{"id":16034,"href":"https:\/\/entretormentas.com\/index.php?rest_route=\/wp\/v2\/posts\/16031\/revisions\/16034"}],"wp:featuredmedia":[{"embeddable":true,"href":"https:\/\/entretormentas.com\/index.php?rest_route=\/wp\/v2\/media\/16033"}],"wp:attachment":[{"href":"https:\/\/entretormentas.com\/index.php?rest_route=%2Fwp%2Fv2%2Fmedia&parent=16031"}],"wp:term":[{"taxonomy":"category","embeddable":true,"href":"https:\/\/entretormentas.com\/index.php?rest_route=%2Fwp%2Fv2%2Fcategories&post=16031"},{"taxonomy":"post_tag","embeddable":true,"href":"https:\/\/entretormentas.com\/index.php?rest_route=%2Fwp%2Fv2%2Ftags&post=16031"}],"curies":[{"name":"wp","href":"https:\/\/api.w.org\/{rel}","templated":true}]}}