{"id":16049,"date":"2025-05-02T10:43:45","date_gmt":"2025-05-02T08:43:45","guid":{"rendered":"https:\/\/entretormentas.com\/?p=16049"},"modified":"2025-05-02T10:43:46","modified_gmt":"2025-05-02T08:43:46","slug":"concentracion-trabajadores-califican-anuncio-de-maduro-como-una-burla-que-acaba-con-el-salario-y-el-poder-de-compra","status":"publish","type":"post","link":"https:\/\/entretormentas.com\/concentracion-trabajadores-califican-anuncio-de-maduro-como-una-burla-que-acaba-con-el-salario-y-el-poder-de-compra\/","title":{"rendered":"\u00a1CONCENTRACI\u00d3N! Trabajadores califican anuncio de Maduro como una burla que acaba con el salario y el poder de compra"},"content":{"rendered":"\n<p><strong>ENTRE TORMENTAS.<\/strong> Los diferentes gremios de trabajadores se concentraron este 1 de mayo en la Plaza Venezuela en Caracas para protestar contra las pol\u00edticas laborales del gobierno de Nicol\u00e1s Maduro en el marco del D\u00eda Internacional del Trabajador.<\/p>\n\n\n\n<p>Consideran que el \u00abajuste\u00bb realizado por maduro al denominado \u00abingreso m\u00ednimo integral indexado\u00bb sigue siendo insuficiente para cubrir el costo de la canasta b\u00e1sica familiar, adem\u00e1s de atentar contra el salario real.<\/p>\n\n\n\n<p>Para el economista y profesor universitario, Luis Crespo, la implementaci\u00f3n de bonos desvalorizan al trabajo y fomentan la informalidad laboral.<\/p>\n\n\n\n<p>\u00abEl aumento de esa bonificaci\u00f3n no tiene un impacto significativo en el poder de compra de los trabajadores que se mantiene rezagado de la cesta b\u00e1sica\u2026 Significa enviar a los trabajadores a la informalidad, al trabajo por cuenta propia y la desprotecci\u00f3n del mismo\u00bb, dijo en la manifestaci\u00f3n.<\/p>\n\n\n\n<figure class=\"wp-block-image size-full\"><img fetchpriority=\"high\" decoding=\"async\" width=\"696\" height=\"392\" src=\"https:\/\/entretormentas.com\/wp-content\/uploads\/2025\/05\/trabaopo2.jpeg\" alt=\"\" class=\"wp-image-16050\" srcset=\"https:\/\/entretormentas.com\/wp-content\/uploads\/2025\/05\/trabaopo2.jpeg 696w, https:\/\/entretormentas.com\/wp-content\/uploads\/2025\/05\/trabaopo2-300x169.jpeg 300w\" sizes=\"(max-width: 696px) 100vw, 696px\" \/><\/figure>\n\n\n\n<p>Por su parte, Eduardo S\u00e1nchez, presidente del Sindicato de Trabajadores de la UCV, califica las medidas laborales de Nicol\u00e1s Maduro son \u201cuna burla\u201d y una postura neoliberal.<\/p>\n\n\n\n<p>\u00abEs una burla al pueblo trabajador\u2026 Eso no es m\u00e1s nada que cambiarlo por alimentaci\u00f3n porque no tiene efecto para presataciones sociales, no tiene efecto para vacaciones, aguinaldos, utilidades\u2026 Maduro no quiere nada con los trabajadores, no sabemos qu\u00e9 le hicimos los trabjadores a ese compa\u00f1ero que de repente adopt\u00f3 tal postura tan neoliberal\u00bb, apunt\u00f3.<\/p>\n\n\n\n<p>S\u00e1nchez agreg\u00f3 que que existe una campa\u00f1a de Fedec\u00e1maras para confundir a los trabajadores sobre las prestaciones sociales; tambi\u00e9n denunci\u00f3 una confabulaci\u00f3n entre gobierno y empresarios para eliminar los derechos de los trabajadores.<\/p>\n\n\n\n<p>\u00abNosotros nos vamos a enfrentar a eso.. A partir de ahora la calle es elescenario\u00bb, agreg\u00f3 el presidente del Sindicato de Trabajadores de la UCV.<\/p>\n\n\n\n<p>En el campo de los profesores universitarios el panorama cobra especial atenci\u00f3n porque dejan en el mismo nivel los ingresos.<\/p>\n\n\n\n<p>El profesor, Jos\u00e9 Gregorio Afonso, presidente de la Apucv, asegura que en Venezuela desapareci\u00f3 el salario y el valor del trabajo.<\/p>\n\n\n\n<p>\u00abDestruye el m\u00e9rito y la jerarqu\u00eda, no valora la experiencia, no valora la formaci\u00f3n ni valora la responsabilidad\u2026 Estamos en Venezuela ante la desaparici\u00f3n del salario y el valor del trabajo\u00bb, dijo Alfonso.<br><strong><em>ET \/ Agencias<\/em><\/strong><\/p>\n\n\n\n<p><\/p>\n","protected":false},"excerpt":{"rendered":"<p>ENTRE TORMENTAS. Los diferentes gremios de trabajadores se concentraron este 1 de mayo en la&#8230;<\/p>\n","protected":false},"author":2,"featured_media":16051,"comment_status":"closed","ping_status":"open","sticky":false,"template":"","format":"standard","meta":{"footnotes":""},"categories":[56,49],"tags":[],"class_list":["post-16049","post","type-post","status-publish","format-standard","has-post-thumbnail","hentry","category-destacadas","category-nacionales"],"_links":{"self":[{"href":"https:\/\/entretormentas.com\/index.php?rest_route=\/wp\/v2\/posts\/16049","targetHints":{"allow":["GET"]}}],"collection":[{"href":"https:\/\/entretormentas.com\/index.php?rest_route=\/wp\/v2\/posts"}],"about":[{"href":"https:\/\/entretormentas.com\/index.php?rest_route=\/wp\/v2\/types\/post"}],"author":[{"embeddable":true,"href":"https:\/\/entretormentas.com\/index.php?rest_route=\/wp\/v2\/users\/2"}],"replies":[{"embeddable":true,"href":"https:\/\/entretormentas.com\/index.php?rest_route=%2Fwp%2Fv2%2Fcomments&post=16049"}],"version-history":[{"count":1,"href":"https:\/\/entretormentas.com\/index.php?rest_route=\/wp\/v2\/posts\/16049\/revisions"}],"predecessor-version":[{"id":16052,"href":"https:\/\/entretormentas.com\/index.php?rest_route=\/wp\/v2\/posts\/16049\/revisions\/16052"}],"wp:featuredmedia":[{"embeddable":true,"href":"https:\/\/entretormentas.com\/index.php?rest_route=\/wp\/v2\/media\/16051"}],"wp:attachment":[{"href":"https:\/\/entretormentas.com\/index.php?rest_route=%2Fwp%2Fv2%2Fmedia&parent=16049"}],"wp:term":[{"taxonomy":"category","embeddable":true,"href":"https:\/\/entretormentas.com\/index.php?rest_route=%2Fwp%2Fv2%2Fcategories&post=16049"},{"taxonomy":"post_tag","embeddable":true,"href":"https:\/\/entretormentas.com\/index.php?rest_route=%2Fwp%2Fv2%2Ftags&post=16049"}],"curies":[{"name":"wp","href":"https:\/\/api.w.org\/{rel}","templated":true}]}}