{"id":16053,"date":"2025-05-02T10:46:24","date_gmt":"2025-05-02T08:46:24","guid":{"rendered":"https:\/\/entretormentas.com\/?p=16053"},"modified":"2025-05-02T10:46:25","modified_gmt":"2025-05-02T08:46:25","slug":"exhorto-publico-maduro-llama-a-unirse-por-la-liberacion-de-la-nina-de-dos-anos-retenida-en-eeuu","status":"publish","type":"post","link":"https:\/\/entretormentas.com\/exhorto-publico-maduro-llama-a-unirse-por-la-liberacion-de-la-nina-de-dos-anos-retenida-en-eeuu\/","title":{"rendered":"\u00a1EXHORTO P\u00daBLICO! Maduro llama a unirse por la liberaci\u00f3n de la ni\u00f1a de dos a\u00f1os retenida en EEUU"},"content":{"rendered":"\n<p><strong>ENTRE TORMENTAS.<\/strong> Nicol\u00e1s Maduro, presidente de Venezuela, reiter\u00f3 este 1 de mayo que los migrantes venezolanos detenidos en la c\u00e1rcel contra el terrorismo de El Salvador y la ni\u00f1a que fue apartada de su madre en Estados Unidos (EEUU) regresar\u00e1n a Venezuela.<\/p>\n\n\n\n<p>\u00abEs justo luchar por la liberaci\u00f3n de una ni\u00f1a de dos a\u00f1os, y yo llamo a todo el pueblo, a todas las madres de Venezuela en oraci\u00f3n y en acci\u00f3n para rescatar a la ni\u00f1a de dos a\u00f1os, Maikelys\u00bb, dijo en la concentraci\u00f3n en el Gran Muro de Petare.<\/p>\n\n\n\n<p>El oficialismo march\u00f3 con motivo del D\u00eda Internacional del Trabajador para manifestar su apoyo a los migrantes venezolanos.<\/p>\n\n\n\n<p>\u00abNo ha nacido el hombre, ni nacer\u00e1, que ponga de rodillas a la Rep\u00fablica Bolivariana de Venezuela y al pueblo heroico de Venezuela\u00bb, apunt\u00f3 el mandatario.<br><strong><em>ET \/ Agencias<\/em><\/strong><\/p>\n","protected":false},"excerpt":{"rendered":"<p>ENTRE TORMENTAS. Nicol\u00e1s Maduro, presidente de Venezuela, reiter\u00f3 este 1 de mayo que los migrantes&#8230;<\/p>\n","protected":false},"author":2,"featured_media":16054,"comment_status":"closed","ping_status":"open","sticky":false,"template":"","format":"standard","meta":{"footnotes":""},"categories":[56,49],"tags":[],"class_list":["post-16053","post","type-post","status-publish","format-standard","has-post-thumbnail","hentry","category-destacadas","category-nacionales"],"_links":{"self":[{"href":"https:\/\/entretormentas.com\/index.php?rest_route=\/wp\/v2\/posts\/16053","targetHints":{"allow":["GET"]}}],"collection":[{"href":"https:\/\/entretormentas.com\/index.php?rest_route=\/wp\/v2\/posts"}],"about":[{"href":"https:\/\/entretormentas.com\/index.php?rest_route=\/wp\/v2\/types\/post"}],"author":[{"embeddable":true,"href":"https:\/\/entretormentas.com\/index.php?rest_route=\/wp\/v2\/users\/2"}],"replies":[{"embeddable":true,"href":"https:\/\/entretormentas.com\/index.php?rest_route=%2Fwp%2Fv2%2Fcomments&post=16053"}],"version-history":[{"count":1,"href":"https:\/\/entretormentas.com\/index.php?rest_route=\/wp\/v2\/posts\/16053\/revisions"}],"predecessor-version":[{"id":16055,"href":"https:\/\/entretormentas.com\/index.php?rest_route=\/wp\/v2\/posts\/16053\/revisions\/16055"}],"wp:featuredmedia":[{"embeddable":true,"href":"https:\/\/entretormentas.com\/index.php?rest_route=\/wp\/v2\/media\/16054"}],"wp:attachment":[{"href":"https:\/\/entretormentas.com\/index.php?rest_route=%2Fwp%2Fv2%2Fmedia&parent=16053"}],"wp:term":[{"taxonomy":"category","embeddable":true,"href":"https:\/\/entretormentas.com\/index.php?rest_route=%2Fwp%2Fv2%2Fcategories&post=16053"},{"taxonomy":"post_tag","embeddable":true,"href":"https:\/\/entretormentas.com\/index.php?rest_route=%2Fwp%2Fv2%2Ftags&post=16053"}],"curies":[{"name":"wp","href":"https:\/\/api.w.org\/{rel}","templated":true}]}}