{"id":16056,"date":"2025-05-02T10:49:41","date_gmt":"2025-05-02T08:49:41","guid":{"rendered":"https:\/\/entretormentas.com\/?p=16056"},"modified":"2025-05-02T10:49:42","modified_gmt":"2025-05-02T08:49:42","slug":"por-unanimidad-la-cij-pide-a-venezuela-no-celebrar-elecciones-en-region-en-disputa-con-guyana","status":"publish","type":"post","link":"https:\/\/entretormentas.com\/por-unanimidad-la-cij-pide-a-venezuela-no-celebrar-elecciones-en-region-en-disputa-con-guyana\/","title":{"rendered":"\u00a1POR UNANIMIDAD! La CIJ pide a Venezuela no celebrar elecciones en regi\u00f3n en disputa con Guyana"},"content":{"rendered":"\n<p><strong>ENTRE TORMENTAS. <\/strong>La Corte Internacional de Justicia (CIJ) reafirm\u00f3 este jueves por unanimidad sus medidas provisionales otorgadas en diciembre de 2023 y orden\u00f3 a Venezuela abstenerse de celebrar o preparar elecciones en la regi\u00f3n del Esequibo, en disputa con Guyana.<\/p>\n\n\n\n<p>\u00abUna vez m\u00e1s, la postura de Guyana ha prevalecido. Una vez m\u00e1s, se ha demostrado que la postura de Guyana se ajusta al derecho internacional. El Gobierno de Guyana celebra esta decisi\u00f3n\u00bb, declar\u00f3 el presidente guyan\u00e9s, Irfaan Ali, en su cuenta de Facebook.<\/p>\n\n\n\n<p>La Corte indic\u00f3 en su texto, publicado en Facebook por Ali, que esas medidas provisionales deben ser implementadas de forma \u00abinmediata y efectiva\u00bb.<\/p>\n\n\n\n<p>\u00abEn espera de una decisi\u00f3n definitiva sobre el caso, la Rep\u00fablica Bolivariana de Venezuela se abstendr\u00e1 de celebrar elecciones o preparar elecciones en el territorio en disputa, que la Rep\u00fablica Cooperativa de Guyana administra actualmente y sobre el cual ejerce control\u00bb, subray\u00f3.<\/p>\n\n\n\n<p>Venezuela ha anunciado su intenci\u00f3n de celebrar el pr\u00f3ximo 25 de mayo elecciones en Esequibo e inicio el pasado martes la campa\u00f1a para estos comicios regionales.<\/p>\n\n\n\n<figure class=\"wp-block-image size-full\"><img fetchpriority=\"high\" decoding=\"async\" width=\"677\" height=\"344\" src=\"https:\/\/entretormentas.com\/wp-content\/uploads\/2025\/05\/cij2.jpeg\" alt=\"\" class=\"wp-image-16058\" srcset=\"https:\/\/entretormentas.com\/wp-content\/uploads\/2025\/05\/cij2.jpeg 677w, https:\/\/entretormentas.com\/wp-content\/uploads\/2025\/05\/cij2-300x152.jpeg 300w\" sizes=\"(max-width: 677px) 100vw, 677px\" \/><\/figure>\n\n\n\n<p>Todo ello pese a que el 1 de diciembre de 2023, la CIJ orden\u00f3 a Venezuela abstenerse de tomar cualquier acci\u00f3n que modifique la situaci\u00f3n actual en el territorio en disputa.<\/p>\n\n\n\n<p>En marzo de 2025, Guyana solicit\u00f3 nuevamente a la CIJ medidas provisionales para impedir que Venezuela celebre elecciones en el territorio disputado, argumentando que tales acciones violar\u00edan la orden de 2023 y alterar\u00edan el statu quo.<\/p>\n\n\n\n<p>La disputa por el Esequibo se intensific\u00f3 tras el descubrimiento de yacimientos petroleros en la regi\u00f3n. Guyana present\u00f3 el caso ante la CIJ en 2018, buscando una resoluci\u00f3n legal al conflicto, pero Venezuela cuestiona la jurisdicci\u00f3n de la Corte.<\/p>\n\n\n\n<p>En diciembre de 2023, Venezuela llev\u00f3 a cabo un refer\u00e9ndum en el que consult\u00f3 a su poblaci\u00f3n sobre la creaci\u00f3n de un nuevo estado en el Esequibo y la concesi\u00f3n de ciudadan\u00eda venezolana a sus habitantes.<br><strong><em>ET \/ EFE<\/em><\/strong><\/p>\n\n\n\n<p><\/p>\n","protected":false},"excerpt":{"rendered":"<p>ENTRE TORMENTAS. La Corte Internacional de Justicia (CIJ) reafirm\u00f3 este jueves por unanimidad sus medidas&#8230;<\/p>\n","protected":false},"author":2,"featured_media":16057,"comment_status":"closed","ping_status":"open","sticky":false,"template":"","format":"standard","meta":{"footnotes":""},"categories":[56,48],"tags":[],"class_list":["post-16056","post","type-post","status-publish","format-standard","has-post-thumbnail","hentry","category-destacadas","category-internacionales"],"_links":{"self":[{"href":"https:\/\/entretormentas.com\/index.php?rest_route=\/wp\/v2\/posts\/16056","targetHints":{"allow":["GET"]}}],"collection":[{"href":"https:\/\/entretormentas.com\/index.php?rest_route=\/wp\/v2\/posts"}],"about":[{"href":"https:\/\/entretormentas.com\/index.php?rest_route=\/wp\/v2\/types\/post"}],"author":[{"embeddable":true,"href":"https:\/\/entretormentas.com\/index.php?rest_route=\/wp\/v2\/users\/2"}],"replies":[{"embeddable":true,"href":"https:\/\/entretormentas.com\/index.php?rest_route=%2Fwp%2Fv2%2Fcomments&post=16056"}],"version-history":[{"count":1,"href":"https:\/\/entretormentas.com\/index.php?rest_route=\/wp\/v2\/posts\/16056\/revisions"}],"predecessor-version":[{"id":16059,"href":"https:\/\/entretormentas.com\/index.php?rest_route=\/wp\/v2\/posts\/16056\/revisions\/16059"}],"wp:featuredmedia":[{"embeddable":true,"href":"https:\/\/entretormentas.com\/index.php?rest_route=\/wp\/v2\/media\/16057"}],"wp:attachment":[{"href":"https:\/\/entretormentas.com\/index.php?rest_route=%2Fwp%2Fv2%2Fmedia&parent=16056"}],"wp:term":[{"taxonomy":"category","embeddable":true,"href":"https:\/\/entretormentas.com\/index.php?rest_route=%2Fwp%2Fv2%2Fcategories&post=16056"},{"taxonomy":"post_tag","embeddable":true,"href":"https:\/\/entretormentas.com\/index.php?rest_route=%2Fwp%2Fv2%2Ftags&post=16056"}],"curies":[{"name":"wp","href":"https:\/\/api.w.org\/{rel}","templated":true}]}}