{"id":16070,"date":"2025-05-03T14:45:36","date_gmt":"2025-05-03T12:45:36","guid":{"rendered":"https:\/\/entretormentas.com\/?p=16070"},"modified":"2025-05-03T14:45:37","modified_gmt":"2025-05-03T12:45:37","slug":"propuesta-de-luis-caldera-mara-y-padilla-tendran-nuevo-terminal-lacustre-nigale-con-muelles-artesanal-y-especial","status":"publish","type":"post","link":"https:\/\/entretormentas.com\/propuesta-de-luis-caldera-mara-y-padilla-tendran-nuevo-terminal-lacustre-nigale-con-muelles-artesanal-y-especial\/","title":{"rendered":"\u00a1PROPUESTA DE LUIS CALDERA! Mara y Padilla tendr\u00e1n nuevo Terminal Lacustre Nigale con muelles artesanal y especial"},"content":{"rendered":"\n<p><strong>ENTRE TORMENTAS. <\/strong>Tras una reuni\u00f3n de trabajo con el ministro del Poder Popular para el Transporte Terrestre, Ram\u00f3n Vel\u00e1zquez Araguay\u00e1n, para concretar las acciones del Plan de Gobierno 2025, el candidato a la Gobernaci\u00f3n del Zulia por el Gran Polo Patri\u00f3tico Sim\u00f3n Bol\u00edvar (GPPSB) y el PSUV, Luis Caldera, anunci\u00f3 la construcci\u00f3n, iniciada este viernes 2 de mayo, del Terminal Lacustre Nigale, en el municipio Mara, que permitir\u00e1 llegar hasta el municipio Almirante Padilla.<\/p>\n\n\n\n<p>Caldera, desde el municipio Almirante Padilla y acompa\u00f1ado del alcalde encargado de la localidad insular, Marlon D\u00edaz, detall\u00f3 que este terminal lacustre contar\u00e1 con dos muelles, uno especial y otro artesanal y ser\u00e1 entregado en 20 d\u00edas para el beneficio de los habitantes, pescadores y visitantes que se dirigen a esa localidad lacustre.<\/p>\n\n\n\n<figure class=\"wp-block-image size-full\"><img fetchpriority=\"high\" decoding=\"async\" width=\"855\" height=\"570\" src=\"https:\/\/entretormentas.com\/wp-content\/uploads\/2025\/05\/LCPADILLA2.jpg\" alt=\"\" class=\"wp-image-16071\" srcset=\"https:\/\/entretormentas.com\/wp-content\/uploads\/2025\/05\/LCPADILLA2.jpg 855w, https:\/\/entretormentas.com\/wp-content\/uploads\/2025\/05\/LCPADILLA2-300x200.jpg 300w, https:\/\/entretormentas.com\/wp-content\/uploads\/2025\/05\/LCPADILLA2-768x512.jpg 768w\" sizes=\"(max-width: 855px) 100vw, 855px\" \/><\/figure>\n\n\n\n<p>Destac\u00f3 el candidato de la Patria para la Gobernaci\u00f3n del Zulia, que, en la mesa de trabajo con el jefe de la cartera ministerial de Transporte, se hizo un balance de las obras realizadas en la entidad zuliana con los distintos entes adscritos a este ministerio; as\u00ed como informar sobre los trabajos que se van a ejecutar y que se desarrollar\u00e1n aunados a su plan frente al Ejecutivo regional.<\/p>\n\n\n\n<p>\u201cSon obras en las que destacan la interconexi\u00f3n terrestre, la lacustre y la a\u00e9rea\u201d, manifest\u00f3 Caldera y entre ellas resalt\u00f3 las concernientes al dragado de la desembocadura del R\u00edo Catatumbo y de ca\u00f1o La Maroma, en Sur del Lago; la construcci\u00f3n del puente amarillo que interconecta a los municipios Francisco Javier Pulgar y Col\u00f3n, un puente en la parroquia Urribarr\u00ed, en Col\u00f3n; el apoyo en el control de inundaciones en el kil\u00f3metro 43 del 54 y apoyo a los productores en materia de casa tabla.<\/p>\n\n\n\n<figure class=\"wp-block-image size-full\"><img decoding=\"async\" width=\"855\" height=\"570\" src=\"https:\/\/entretormentas.com\/wp-content\/uploads\/2025\/05\/LCPADILLA3.jpg\" alt=\"\" class=\"wp-image-16072\" srcset=\"https:\/\/entretormentas.com\/wp-content\/uploads\/2025\/05\/LCPADILLA3.jpg 855w, https:\/\/entretormentas.com\/wp-content\/uploads\/2025\/05\/LCPADILLA3-300x200.jpg 300w, https:\/\/entretormentas.com\/wp-content\/uploads\/2025\/05\/LCPADILLA3-768x512.jpg 768w\" sizes=\"(max-width: 855px) 100vw, 855px\" \/><\/figure>\n\n\n\n<p>Asimismo, cont\u00f3 que pasaron revista a la atenci\u00f3n vial en la Lara-Zulia, a la altura de Santa Rita; en el eje Panamericano llegando a Caja Seca, municipio sucre y la pronta atenci\u00f3n de alcantarillas en la Machiques-Col\u00f3n y en la troncal del Caribe, en la que tambi\u00e9n se reactivar\u00e1n los trabajos de esta importante vialidad en el municipio Guajira.<\/p>\n\n\n\n<p>Caldera sum\u00f3 tambi\u00e9n obras en Mara, que tienen que ver con la vialidad, con la reparaci\u00f3n de alcantarillados en el tramo Caujarito- El Cero y Molitene-El Carretal, Paila Negra, La Y, y Cuatro Bocas-La Fragua.<br><strong><em>ET \/ Prensa PSUV Zulia<\/em><\/strong><\/p>\n\n\n\n<p><\/p>\n","protected":false},"excerpt":{"rendered":"<p>ENTRE TORMENTAS. Tras una reuni\u00f3n de trabajo con el ministro del Poder Popular para el&#8230;<\/p>\n","protected":false},"author":2,"featured_media":16073,"comment_status":"closed","ping_status":"open","sticky":false,"template":"","format":"standard","meta":{"footnotes":""},"categories":[1],"tags":[],"class_list":["post-16070","post","type-post","status-publish","format-standard","has-post-thumbnail","hentry","category-regionales"],"_links":{"self":[{"href":"https:\/\/entretormentas.com\/index.php?rest_route=\/wp\/v2\/posts\/16070","targetHints":{"allow":["GET"]}}],"collection":[{"href":"https:\/\/entretormentas.com\/index.php?rest_route=\/wp\/v2\/posts"}],"about":[{"href":"https:\/\/entretormentas.com\/index.php?rest_route=\/wp\/v2\/types\/post"}],"author":[{"embeddable":true,"href":"https:\/\/entretormentas.com\/index.php?rest_route=\/wp\/v2\/users\/2"}],"replies":[{"embeddable":true,"href":"https:\/\/entretormentas.com\/index.php?rest_route=%2Fwp%2Fv2%2Fcomments&post=16070"}],"version-history":[{"count":1,"href":"https:\/\/entretormentas.com\/index.php?rest_route=\/wp\/v2\/posts\/16070\/revisions"}],"predecessor-version":[{"id":16074,"href":"https:\/\/entretormentas.com\/index.php?rest_route=\/wp\/v2\/posts\/16070\/revisions\/16074"}],"wp:featuredmedia":[{"embeddable":true,"href":"https:\/\/entretormentas.com\/index.php?rest_route=\/wp\/v2\/media\/16073"}],"wp:attachment":[{"href":"https:\/\/entretormentas.com\/index.php?rest_route=%2Fwp%2Fv2%2Fmedia&parent=16070"}],"wp:term":[{"taxonomy":"category","embeddable":true,"href":"https:\/\/entretormentas.com\/index.php?rest_route=%2Fwp%2Fv2%2Fcategories&post=16070"},{"taxonomy":"post_tag","embeddable":true,"href":"https:\/\/entretormentas.com\/index.php?rest_route=%2Fwp%2Fv2%2Ftags&post=16070"}],"curies":[{"name":"wp","href":"https:\/\/api.w.org\/{rel}","templated":true}]}}