{"id":16075,"date":"2025-05-03T14:49:15","date_gmt":"2025-05-03T12:49:15","guid":{"rendered":"https:\/\/entretormentas.com\/?p=16075"},"modified":"2025-05-03T14:49:15","modified_gmt":"2025-05-03T12:49:15","slug":"activos-sector-etnia-guajira-recibe-jornada-de-atencion-integral-de-la-alcaldia-de-maracaibo","status":"publish","type":"post","link":"https:\/\/entretormentas.com\/activos-sector-etnia-guajira-recibe-jornada-de-atencion-integral-de-la-alcaldia-de-maracaibo\/","title":{"rendered":"\u00a1ACTIVOS! Sector Etnia Guajira recibe Jornada de Atenci\u00f3n Integral de la Alcald\u00eda de Maracaibo"},"content":{"rendered":"\n<p><strong>ENTRE TORMENTAS. <\/strong>En un esfuerzo por fortalecer el bienestar y la calidad de vida de las comunidades ind\u00edgenas del municipio, la Alcald\u00eda de Maracaibo realiz\u00f3 una Jornada de Atenci\u00f3n Integral en el sector Etnia Guajira, de la parroquia Venancio Pulgar.<\/p>\n\n\n\n<p>La actividad arranc\u00f3 la ma\u00f1ana de este mi\u00e9rcoles 30 de abril y cont\u00f3 con la participaci\u00f3n de diversas dependencias municipales.<\/p>\n\n\n\n<p>Durante la jornada, la Direcci\u00f3n General de Salud atendi\u00f3 a m\u00e1s de 100 marabinos con los servicios esenciales como: medicina general, pediatr\u00eda, atenci\u00f3n m\u00e9dica a los adultos mayores y mujeres embarazadas, inmunizaci\u00f3n, entrega de medicamentos, asesor\u00eda legal, orientaci\u00f3n social y actividades recreativas para ni\u00f1os y adultos.<\/p>\n\n\n\n<figure class=\"wp-block-image size-large\"><img fetchpriority=\"high\" decoding=\"async\" width=\"1024\" height=\"682\" src=\"https:\/\/entretormentas.com\/wp-content\/uploads\/2025\/05\/ETNIA3-1024x682.jpg\" alt=\"\" class=\"wp-image-16076\" srcset=\"https:\/\/entretormentas.com\/wp-content\/uploads\/2025\/05\/ETNIA3-1024x682.jpg 1024w, https:\/\/entretormentas.com\/wp-content\/uploads\/2025\/05\/ETNIA3-300x200.jpg 300w, https:\/\/entretormentas.com\/wp-content\/uploads\/2025\/05\/ETNIA3-768x512.jpg 768w, https:\/\/entretormentas.com\/wp-content\/uploads\/2025\/05\/ETNIA3.jpg 1280w\" sizes=\"(max-width: 1024px) 100vw, 1024px\" \/><\/figure>\n\n\n\n<p>La Direcci\u00f3n General de Desarrollo Social realiz\u00f3 charlas informativas sobre temas de inter\u00e9s para la comunidad, como salud preventiva, derechos ind\u00edgenas y programas sociales disponibles, y concientizaci\u00f3n sobre la Campa\u00f1a de explotaci\u00f3n infantil que lleva el Consejo de Protecci\u00f3n de Ni\u00f1os, Ni\u00f1as y Adolescentes del municipio.<\/p>\n\n\n\n<p>Adri\u00e1n Romero Mart\u00ednez, alcalde encargado de Maracaibo, destac\u00f3 que estas iniciativas promueven el desarrollo integral de la poblaci\u00f3n ind\u00edgena.<\/p>\n\n\n\n<p>\u00abNuestro compromiso es seguir trabajando de cerca con todas las comunidades de Maracaibo, atendiendo sus necesidades y fortaleciendo el tejido social. Esta jornada es una muestra de nuestro firme prop\u00f3sito de trabajar en las comunidades m\u00e1s vulnerables, escuchando sus necesidades y brind\u00e1ndoles el apoyo que merecen\u00bb, afirm\u00f3 el alcalde.<\/p>\n\n\n\n<p>Jakelin Simancas, directora encargada de la Direcci\u00f3n General de Desarrollo Social, explic\u00f3 que la participaci\u00f3n de los institutos del eje social de la Alcald\u00eda de Maracaibo nace de la disposici\u00f3n y el compromiso de seguir generando espacios de atenci\u00f3n en las zonas m\u00e1s vulnerables del municipio.<\/p>\n\n\n\n<p>\u201cDe la mano con los distintos organismos dentro del eje social municipal nos hemos abocado a esta comunidad para escucharla, apoyarla y fortalecer con asesor\u00eda legal y otros servicios con la intenci\u00f3n de seguir garantizando la igualdad de atenci\u00f3n y oportunidades en las 18 parroquias de Maracaibo\u201d, indic\u00f3.<\/p>\n\n\n\n<p><strong>ATENCI\u00d3N EN INFRAESTRUCTURA<\/strong><br>A Etnia Guajira tambi\u00e9n lleg\u00f3 la Direcci\u00f3n de Aguas para atender 20 casas con achiques de pozos s\u00e9pticos. Estas viviendas ten\u00edan esperando desde hace m\u00e1s de cinco a\u00f1os por alg\u00fan ente gubernamental, as\u00ed lo detall\u00f3 Constanza P\u00e9rez, ama de casa de 45 a\u00f1os, quien fue una de las beneficiarias con esta jornada.<\/p>\n\n\n\n<p>Esta atenci\u00f3n es la jornada de achique de pozo n\u00famero 25 en lo que va del a\u00f1o 2025, superando las 500 casas beneficiadas.<\/p>\n\n\n\n<figure class=\"wp-block-image size-large\"><img decoding=\"async\" width=\"1024\" height=\"682\" src=\"https:\/\/entretormentas.com\/wp-content\/uploads\/2025\/05\/ETNIA2-1024x682.jpg\" alt=\"\" class=\"wp-image-16077\" srcset=\"https:\/\/entretormentas.com\/wp-content\/uploads\/2025\/05\/ETNIA2-1024x682.jpg 1024w, https:\/\/entretormentas.com\/wp-content\/uploads\/2025\/05\/ETNIA2-300x200.jpg 300w, https:\/\/entretormentas.com\/wp-content\/uploads\/2025\/05\/ETNIA2-768x512.jpg 768w, https:\/\/entretormentas.com\/wp-content\/uploads\/2025\/05\/ETNIA2.jpg 1280w\" sizes=\"(max-width: 1024px) 100vw, 1024px\" \/><\/figure>\n\n\n\n<p>La Direcci\u00f3n de Servicios y Mantenimiento Urbano (DISMU) fumig\u00f3 en 50 casas donde fueron beneficiadas 300 personas.<\/p>\n\n\n\n<p>Jairo Gonz\u00e1lez, representante de la comunidad, expres\u00f3 su agradecimiento por la jornada y resalt\u00f3 la necesidad de mantener este tipo de iniciativas de manera continua.<\/p>\n\n\n\n<p>\u00abAgradecemos al alcalde encargado y a todo su equipo por esta importante jornada. Nos sentimos escuchados y atendidos. Ten\u00edamos mucho tiempo esperando por este tipo de iniciativas en el sector. Esperamos que este sea el inicio de un trabajo conjunto y constante en beneficio de nuestra comunidad\u201d.<br><strong><em>ET \/ DCI Alcald\u00eda de Maracaibo<\/em><\/strong><\/p>\n\n\n\n<p><\/p>\n","protected":false},"excerpt":{"rendered":"<p>ENTRE TORMENTAS. En un esfuerzo por fortalecer el bienestar y la calidad de vida de&#8230;<\/p>\n","protected":false},"author":2,"featured_media":16078,"comment_status":"closed","ping_status":"open","sticky":false,"template":"","format":"standard","meta":{"footnotes":""},"categories":[57,1],"tags":[],"class_list":["post-16075","post","type-post","status-publish","format-standard","has-post-thumbnail","hentry","category-actualidad","category-regionales"],"_links":{"self":[{"href":"https:\/\/entretormentas.com\/index.php?rest_route=\/wp\/v2\/posts\/16075","targetHints":{"allow":["GET"]}}],"collection":[{"href":"https:\/\/entretormentas.com\/index.php?rest_route=\/wp\/v2\/posts"}],"about":[{"href":"https:\/\/entretormentas.com\/index.php?rest_route=\/wp\/v2\/types\/post"}],"author":[{"embeddable":true,"href":"https:\/\/entretormentas.com\/index.php?rest_route=\/wp\/v2\/users\/2"}],"replies":[{"embeddable":true,"href":"https:\/\/entretormentas.com\/index.php?rest_route=%2Fwp%2Fv2%2Fcomments&post=16075"}],"version-history":[{"count":1,"href":"https:\/\/entretormentas.com\/index.php?rest_route=\/wp\/v2\/posts\/16075\/revisions"}],"predecessor-version":[{"id":16079,"href":"https:\/\/entretormentas.com\/index.php?rest_route=\/wp\/v2\/posts\/16075\/revisions\/16079"}],"wp:featuredmedia":[{"embeddable":true,"href":"https:\/\/entretormentas.com\/index.php?rest_route=\/wp\/v2\/media\/16078"}],"wp:attachment":[{"href":"https:\/\/entretormentas.com\/index.php?rest_route=%2Fwp%2Fv2%2Fmedia&parent=16075"}],"wp:term":[{"taxonomy":"category","embeddable":true,"href":"https:\/\/entretormentas.com\/index.php?rest_route=%2Fwp%2Fv2%2Fcategories&post=16075"},{"taxonomy":"post_tag","embeddable":true,"href":"https:\/\/entretormentas.com\/index.php?rest_route=%2Fwp%2Fv2%2Ftags&post=16075"}],"curies":[{"name":"wp","href":"https:\/\/api.w.org\/{rel}","templated":true}]}}