{"id":16101,"date":"2025-05-03T15:15:56","date_gmt":"2025-05-03T13:15:56","guid":{"rendered":"https:\/\/entretormentas.com\/?p=16101"},"modified":"2025-05-03T15:15:57","modified_gmt":"2025-05-03T13:15:57","slug":"prorroga-extienden-por-dos-semanas-medidas-ante-emergencia-climatica","status":"publish","type":"post","link":"https:\/\/entretormentas.com\/prorroga-extienden-por-dos-semanas-medidas-ante-emergencia-climatica\/","title":{"rendered":"\u00a1PR\u00d3RROGA! Extienden por dos semanas medidas ante emergencia clim\u00e1tica"},"content":{"rendered":"\n<p><strong>ENTRE TORMENTAS. <\/strong>El Gobierno de Venezuela inform\u00f3 que se extiende por un lapso de dos semanas las medidas anunciadas el pasado 24 de marzo, a fin de mitigar los efectos de la emergencia clim\u00e1tica mundial que ha afectado el nivel de los embalses de generaci\u00f3n el\u00e9ctrica de la regi\u00f3n andina.<\/p>\n\n\n\n<p>La informaci\u00f3n fue dada a conocer este viernes durante una reuni\u00f3n de las Vicepresidencias Sectoriales, liderada por la vicepresidenta Ejecutiva de la Rep\u00fablica, Delcy Rodr\u00edguez, y transmitida a trav\u00e9s de Venezolana de Televisi\u00f3n (VTV).<\/p>\n\n\n\n<p>En este sentido, en toda la Administraci\u00f3n P\u00fablica Nacional conformada por ministerios, gobernaciones, alcald\u00edas y en los Poderes P\u00fablicos del Estado venezolano, se llevar\u00e1n a cabo las siguientes acciones:<\/p>\n\n\n\n<ol class=\"wp-block-list\">\n<li>Se mantiene el horario laboral desde las 8:00 am hasta las 12:30 pm durante las pr\u00f3ximas dos (02) semanas. Quedar\u00e1n exceptuadas de esta acci\u00f3n, los organismos que garanticen servicios esenciales a la poblaci\u00f3n.<\/li>\n\n\n\n<li>Se declara el 1\u00d71, que consiste en un d\u00eda laborable por un d\u00eda no laborable.<\/li>\n\n\n\n<li>Durante el d\u00eda laborable, los trabajadores p\u00fablicos complementar\u00e1n su horario especial apoyando el fortalecimiento de las salas de autogobierno comunal, cumpliendo labores inherentes a la consolidaci\u00f3n de los circuitos comunales como \u00f3rganos fundamentales del poder popular.<\/li>\n<\/ol>\n\n\n\n<p>De igual manera, toda la poblaci\u00f3n est\u00e1 convocada a acompa\u00f1ar estas acciones con otras medidas efectivas, tales como el ajuste de la temperatura de los aires acondicionados a 23\u00b0C, el aprovechamiento de la luz natural y la desconexi\u00f3n de aparatos electr\u00f3nicos cuando no los estemos utilizando, entre otros.<br><strong><em>ET \/ Nota de Prensa<\/em><\/strong><\/p>\n\n\n\n<p><\/p>\n","protected":false},"excerpt":{"rendered":"<p>ENTRE TORMENTAS. El Gobierno de Venezuela inform\u00f3 que se extiende por un lapso de dos&#8230;<\/p>\n","protected":false},"author":2,"featured_media":16102,"comment_status":"closed","ping_status":"open","sticky":false,"template":"","format":"standard","meta":{"footnotes":""},"categories":[56,49],"tags":[],"class_list":["post-16101","post","type-post","status-publish","format-standard","has-post-thumbnail","hentry","category-destacadas","category-nacionales"],"_links":{"self":[{"href":"https:\/\/entretormentas.com\/index.php?rest_route=\/wp\/v2\/posts\/16101","targetHints":{"allow":["GET"]}}],"collection":[{"href":"https:\/\/entretormentas.com\/index.php?rest_route=\/wp\/v2\/posts"}],"about":[{"href":"https:\/\/entretormentas.com\/index.php?rest_route=\/wp\/v2\/types\/post"}],"author":[{"embeddable":true,"href":"https:\/\/entretormentas.com\/index.php?rest_route=\/wp\/v2\/users\/2"}],"replies":[{"embeddable":true,"href":"https:\/\/entretormentas.com\/index.php?rest_route=%2Fwp%2Fv2%2Fcomments&post=16101"}],"version-history":[{"count":1,"href":"https:\/\/entretormentas.com\/index.php?rest_route=\/wp\/v2\/posts\/16101\/revisions"}],"predecessor-version":[{"id":16103,"href":"https:\/\/entretormentas.com\/index.php?rest_route=\/wp\/v2\/posts\/16101\/revisions\/16103"}],"wp:featuredmedia":[{"embeddable":true,"href":"https:\/\/entretormentas.com\/index.php?rest_route=\/wp\/v2\/media\/16102"}],"wp:attachment":[{"href":"https:\/\/entretormentas.com\/index.php?rest_route=%2Fwp%2Fv2%2Fmedia&parent=16101"}],"wp:term":[{"taxonomy":"category","embeddable":true,"href":"https:\/\/entretormentas.com\/index.php?rest_route=%2Fwp%2Fv2%2Fcategories&post=16101"},{"taxonomy":"post_tag","embeddable":true,"href":"https:\/\/entretormentas.com\/index.php?rest_route=%2Fwp%2Fv2%2Ftags&post=16101"}],"curies":[{"name":"wp","href":"https:\/\/api.w.org\/{rel}","templated":true}]}}