{"id":16151,"date":"2025-05-04T12:42:43","date_gmt":"2025-05-04T10:42:43","guid":{"rendered":"https:\/\/entretormentas.com\/?p=16151"},"modified":"2025-05-04T12:42:44","modified_gmt":"2025-05-04T10:42:44","slug":"nuevo-rol-juramentan-a-ely-ramon-atencio-como-nuevo-vicepresidente-nacional-de-ad","status":"publish","type":"post","link":"https:\/\/entretormentas.com\/nuevo-rol-juramentan-a-ely-ramon-atencio-como-nuevo-vicepresidente-nacional-de-ad\/","title":{"rendered":"\u00a1NUEVO ROL! Juramentan a Ely Ram\u00f3n Atencio como nuevo vicepresidente Nacional de AD"},"content":{"rendered":"\n<p><strong>ENTRE TORMENTAS.<\/strong> Los alcaldes Alenis Guerrero de Santa Rita y Nidia Guti\u00e9rrez de Atencio \u00abLa Chicha\u00bb, ingresaron al CEN. Todos tendr\u00e1n voz y voto en la toma de decisiones de la organizaci\u00f3n pol\u00edtica a nivel nacional<\/p>\n\n\n\n<p>El candidato a la Gobernaci\u00f3n del estado Zulia, Ely Ram\u00f3n Atencio, fue juramentado como nuevo vicepresidente Nacional del partido Acci\u00f3n Democr\u00e1tica (AD). La actividad se llev\u00f3 a cabo en la ciudad de Coro, Estado Falc\u00f3n y fue encabezada por el Secretario General Nacional de la organizaci\u00f3n Pol\u00edtica, Bernab\u00e9 Guti\u00e9rrez.<\/p>\n\n\n\n<figure class=\"wp-block-image size-full\"><img fetchpriority=\"high\" decoding=\"async\" width=\"720\" height=\"814\" src=\"https:\/\/entretormentas.com\/wp-content\/uploads\/2025\/05\/adely2.jpg\" alt=\"\" class=\"wp-image-16152\" srcset=\"https:\/\/entretormentas.com\/wp-content\/uploads\/2025\/05\/adely2.jpg 720w, https:\/\/entretormentas.com\/wp-content\/uploads\/2025\/05\/adely2-265x300.jpg 265w\" sizes=\"(max-width: 720px) 100vw, 720px\" \/><\/figure>\n\n\n\n<p>Por su parte, los alcaldes Alenis Guerrero y Nidia Guti\u00e9rrez de Atencio \u00abLa Chicha\u00bb, fueron juramentados como miembros del Comit\u00e9 Ejecutivo Nacional (CEN) de AD. Con la nueva designaci\u00f3n, los tres altos dirigentes de la organizaci\u00f3n, tendr\u00e1n voz y voto en la toma de decisiones de la directiva del partido a nivel nacional.<\/p>\n\n\n\n<p>El secretario general Nacional de AD, manifest\u00f3 su satisfacci\u00f3n por la designaci\u00f3n de los alcaldes en sus nuevos cargos. Asegur\u00f3 que el Zulia contar\u00e1 con un nuevo gobernador. \u00abCon la candidatura de Ely Ram\u00f3n Atencio se reconoce su m\u00e9rito partidista y de Gobierno, debido a la gesti\u00f3n aprobada que tiene en su municipio\u00bb, expres\u00f3.<\/p>\n\n\n\n<p>\u00abEly Ram\u00f3n Atencio es un hombre que inspira confianza en todas las organizaciones pol\u00edticas del pa\u00eds, por eso es que tantos partidos pol\u00edticos apoyan su candidatura, porque representa la nueva alternativa y no candidaturas que ya est\u00e1n desgastadas\u00bb, expres\u00f3 Bernab\u00e9.<br><strong><em>ET \/ Nota de Prensa<\/em><\/strong><\/p>\n","protected":false},"excerpt":{"rendered":"<p>ENTRE TORMENTAS. Los alcaldes Alenis Guerrero de Santa Rita y Nidia Guti\u00e9rrez de Atencio \u00abLa&#8230;<\/p>\n","protected":false},"author":2,"featured_media":16153,"comment_status":"closed","ping_status":"open","sticky":false,"template":"","format":"standard","meta":{"footnotes":""},"categories":[57,1],"tags":[],"class_list":["post-16151","post","type-post","status-publish","format-standard","has-post-thumbnail","hentry","category-actualidad","category-regionales"],"_links":{"self":[{"href":"https:\/\/entretormentas.com\/index.php?rest_route=\/wp\/v2\/posts\/16151","targetHints":{"allow":["GET"]}}],"collection":[{"href":"https:\/\/entretormentas.com\/index.php?rest_route=\/wp\/v2\/posts"}],"about":[{"href":"https:\/\/entretormentas.com\/index.php?rest_route=\/wp\/v2\/types\/post"}],"author":[{"embeddable":true,"href":"https:\/\/entretormentas.com\/index.php?rest_route=\/wp\/v2\/users\/2"}],"replies":[{"embeddable":true,"href":"https:\/\/entretormentas.com\/index.php?rest_route=%2Fwp%2Fv2%2Fcomments&post=16151"}],"version-history":[{"count":1,"href":"https:\/\/entretormentas.com\/index.php?rest_route=\/wp\/v2\/posts\/16151\/revisions"}],"predecessor-version":[{"id":16154,"href":"https:\/\/entretormentas.com\/index.php?rest_route=\/wp\/v2\/posts\/16151\/revisions\/16154"}],"wp:featuredmedia":[{"embeddable":true,"href":"https:\/\/entretormentas.com\/index.php?rest_route=\/wp\/v2\/media\/16153"}],"wp:attachment":[{"href":"https:\/\/entretormentas.com\/index.php?rest_route=%2Fwp%2Fv2%2Fmedia&parent=16151"}],"wp:term":[{"taxonomy":"category","embeddable":true,"href":"https:\/\/entretormentas.com\/index.php?rest_route=%2Fwp%2Fv2%2Fcategories&post=16151"},{"taxonomy":"post_tag","embeddable":true,"href":"https:\/\/entretormentas.com\/index.php?rest_route=%2Fwp%2Fv2%2Ftags&post=16151"}],"curies":[{"name":"wp","href":"https:\/\/api.w.org\/{rel}","templated":true}]}}